{"id":6291,"date":"2015-11-04T09:31:59","date_gmt":"2015-11-04T09:31:59","guid":{"rendered":"http:\/\/www.vfb-bad-lauchstaedt.de\/?p=6291"},"modified":"2015-11-11T09:32:26","modified_gmt":"2015-11-11T09:32:26","slug":"zweite-mit-wichtigem-sieg-ueber-fichte","status":"publish","type":"post","link":"https:\/\/www.vfb-bad-lauchstaedt.de\/?p=6291","title":{"rendered":"Zweite mit wichtigem Sieg \u00fcber Fichte"},"content":{"rendered":"<p><strong>VfB Bad Lauchst\u00e4dt II &#8211; BSV Fichte Erdeborn II 26:25 (HZ 9:12)<\/strong><\/p>\n<p>Gegen die Verbandsligareserve des BSV Fichte Erdeborn ergatterte die zweite des VfB wichtige 2 Punkte im Kampf um den Mittelfeldanschluss der Tabelle. Nach anf\u00e4nglichen Schwierigkeiten in Halbzeit 1, in der bei den VfBlern wenig zusammenlief konnte im weiteren Spielverlauf ein Aufw\u00e4rtstrend verzeichnet werden. Aus einem 9:12 R\u00fcckstand zur Pause machten die Lauchst\u00e4dter binnen weniger Minuten einen 14:14 Ausgleich und hielten so wieder alle F\u00e4den selbst in der Hand.<br \/>\nDabei \u00fcberzeugten vor allem Sebastian Sch\u00f6ppe und endlich auch Tim Karrasch, der nach zuletzt ge\u00e4u\u00dferter Kritik eine deutliche Leistungssteigerung verzeichnete und am Ende 5 Tore erzielte.<br \/>\nIn der Folge konnten die Lauchst\u00e4dter zeitweise auf 3 Tore enteilen, verpassten es aber schon vor Spielende eine Vorentscheidung herbeizuf\u00fchren. Gegen Ende der Partie holte die Fichte wieder auf und das Spiel drohte erneut zu kippen. Umso wichtiger, dass Ralf Pohl nach einigen Jahren Handball Abstinenz sein Comeback feierte und mit ihm ein weiterer ballsicherer und erfahrener Akteur auf der Platte stand und so den am Ende knappen 26:25 Heimerfolg mit sicherte.<br \/>\nMit Platz 7 liegen die Lauchst\u00e4dter damit voll im Soll, einzig die hohe negative Tordifferenz sollte nach und nach noch korrigiert werden.<\/p>\n<p>VfB mit: Kelling; Ronneburg; Stephan \u2013 Seidel; Conrad; Schm\u00e4dicke; Pohl, R. (1); Pohl, P. (2); Weitze (3); Otto (4); Karrasch (5); Sch\u00f6ppe (11)<\/p>\n","protected":false},"excerpt":{"rendered":"<p>VfB Bad Lauchst\u00e4dt II &#8211; BSV Fichte Erdeborn II 26:25 (HZ 9:12) Gegen die Verbandsligareserve des BSV Fichte Erdeborn ergatterte die zweite des VfB wichtige 2 Punkte im Kampf um den Mittelfeldanschluss der Tabelle. Nach anf\u00e4nglichen Schwierigkeiten in Halbzeit 1, in der bei den VfBlern wenig zusammenlief konnte im weiteren Spielverlauf ein Aufw\u00e4rtstrend verzeichnet werden. [&hellip;]<\/p>\n","protected":false},"author":2,"featured_media":0,"comment_status":"open","ping_status":"open","sticky":false,"template":"","format":"standard","meta":{"footnotes":""},"categories":[3,5],"tags":[],"class_list":["post-6291","post","type-post","status-publish","format-standard","hentry","category-handball","category-handball-spielberichte"],"_links":{"self":[{"href":"https:\/\/www.vfb-bad-lauchstaedt.de\/index.php?rest_route=\/wp\/v2\/posts\/6291","targetHints":{"allow":["GET"]}}],"collection":[{"href":"https:\/\/www.vfb-bad-lauchstaedt.de\/index.php?rest_route=\/wp\/v2\/posts"}],"about":[{"href":"https:\/\/www.vfb-bad-lauchstaedt.de\/index.php?rest_route=\/wp\/v2\/types\/post"}],"author":[{"embeddable":true,"href":"https:\/\/www.vfb-bad-lauchstaedt.de\/index.php?rest_route=\/wp\/v2\/users\/2"}],"replies":[{"embeddable":true,"href":"https:\/\/www.vfb-bad-lauchstaedt.de\/index.php?rest_route=%2Fwp%2Fv2%2Fcomments&post=6291"}],"version-history":[{"count":1,"href":"https:\/\/www.vfb-bad-lauchstaedt.de\/index.php?rest_route=\/wp\/v2\/posts\/6291\/revisions"}],"predecessor-version":[{"id":6292,"href":"https:\/\/www.vfb-bad-lauchstaedt.de\/index.php?rest_route=\/wp\/v2\/posts\/6291\/revisions\/6292"}],"wp:attachment":[{"href":"https:\/\/www.vfb-bad-lauchstaedt.de\/index.php?rest_route=%2Fwp%2Fv2%2Fmedia&parent=6291"}],"wp:term":[{"taxonomy":"category","embeddable":true,"href":"https:\/\/www.vfb-bad-lauchstaedt.de\/index.php?rest_route=%2Fwp%2Fv2%2Fcategories&post=6291"},{"taxonomy":"post_tag","embeddable":true,"href":"https:\/\/www.vfb-bad-lauchstaedt.de\/index.php?rest_route=%2Fwp%2Fv2%2Ftags&post=6291"}],"curies":[{"name":"wp","href":"https:\/\/api.w.org\/{rel}","templated":true}]}}