{"id":6464,"date":"2016-04-17T11:18:45","date_gmt":"2016-04-17T11:18:45","guid":{"rendered":"http:\/\/www.vfb-bad-lauchstaedt.de\/?p=6464"},"modified":"2016-04-17T11:18:45","modified_gmt":"2016-04-17T11:18:45","slug":"auch-die-kleinsten-zeigen-sich-jetzt-einheitlich","status":"publish","type":"post","link":"https:\/\/www.vfb-bad-lauchstaedt.de\/?p=6464","title":{"rendered":"Auch die Kleinsten zeigen sich jetzt einheitlich"},"content":{"rendered":"<figure id=\"attachment_6465\" aria-describedby=\"caption-attachment-6465\" style=\"width: 1365px\" class=\"wp-caption aligncenter\"><img loading=\"lazy\" decoding=\"async\" class=\"wp-image-6465 size-full\" src=\"https:\/\/www.vfb-bad-lauchstaedt.de\/wp-content\/uploads\/2016\/04\/uebergabe1.jpg\" alt=\"uebergabe1\" width=\"1365\" height=\"768\" srcset=\"https:\/\/www.vfb-bad-lauchstaedt.de\/wp-content\/uploads\/2016\/04\/uebergabe1.jpg 1365w, https:\/\/www.vfb-bad-lauchstaedt.de\/wp-content\/uploads\/2016\/04\/uebergabe1-300x169.jpg 300w, https:\/\/www.vfb-bad-lauchstaedt.de\/wp-content\/uploads\/2016\/04\/uebergabe1-768x432.jpg 768w, https:\/\/www.vfb-bad-lauchstaedt.de\/wp-content\/uploads\/2016\/04\/uebergabe1-1024x576.jpg 1024w\" sizes=\"auto, (max-width: 1365px) 100vw, 1365px\" \/><figcaption id=\"caption-attachment-6465\" class=\"wp-caption-text\">Die Ballschule des VfB, links Mario Jeschke (WWK-Versicherung), rechts Detlef Kopf (\u00dcbungsleiter)<\/figcaption><\/figure>\n<figure id=\"attachment_6466\" aria-describedby=\"caption-attachment-6466\" style=\"width: 240px\" class=\"wp-caption alignright\"><img loading=\"lazy\" decoding=\"async\" class=\"wp-image-6466\" src=\"https:\/\/www.vfb-bad-lauchstaedt.de\/wp-content\/uploads\/2016\/04\/uebergabe2-186x300.jpg\" alt=\"uebergabe2\" width=\"240\" height=\"387\" srcset=\"https:\/\/www.vfb-bad-lauchstaedt.de\/wp-content\/uploads\/2016\/04\/uebergabe2-186x300.jpg 186w, https:\/\/www.vfb-bad-lauchstaedt.de\/wp-content\/uploads\/2016\/04\/uebergabe2.jpg 768w, https:\/\/www.vfb-bad-lauchstaedt.de\/wp-content\/uploads\/2016\/04\/uebergabe2-634x1024.jpg 634w\" sizes=\"auto, (max-width: 240px) 100vw, 240px\" \/><figcaption id=\"caption-attachment-6466\" class=\"wp-caption-text\">stellvertrend f\u00fcr seine Trainingsgruppe nahm Finn Gatzke freudig die neue Trainingskleidung von Mario Jeschke in Empfang<\/figcaption><\/figure>\n<p>Was bei den gr\u00f6\u00dferen Kindern und Jugendllichen des VfB bei den Spielen gang und g\u00e4be ist, wird nun auch bei den Kleinsten VfBlern so sein. Mario Jeschke von der WWK Versicherung \u00fcberreichte am vergangenen Freitag einen ganzen Satz von Trainingsshirts an die Kinder um \u00dcbungsleiter Detlef Kopf, die die j\u00fcngsten Aktiven beim VfB Bad Lauchst\u00e4dt bilden. Schon ab 4 Jahren hei\u00dft es dabei f\u00fcr die Kinder haupts\u00e4chlich Bewegung und Spa\u00df am Spiel. Und so sind die Kinder jeden Freitag ab 15 Uhr in der Sporthalle am Roten Platz mit Feuereifer dabei, um nicht nur den Umgang mit verschienden Ballspielen zu erlernen, sondern auch was es hei\u00dft sich in einer Gemeinschaft zu bewegen.<\/p>\n<p>Der VfB Bad Lauchst\u00e4dt bedankt sich recht herzlich bei Mario Jeschke f\u00fcr sein weiteres Engagement bei den\u00a0 Bad Lauchst\u00e4dter Handballern und verbindet damit die besten W\u00fcnsche und eine weitere gute Zusammenarbeit.<\/p>\n<div id='gallery-1' class='gallery galleryid-6464 gallery-columns-3 gallery-size-thumbnail'><figure class='gallery-item'>\n\t\t\t<div class='gallery-icon landscape'>\n\t\t\t\t<a href='https:\/\/www.vfb-bad-lauchstaedt.de\/?attachment_id=6468'><img loading=\"lazy\" decoding=\"async\" width=\"150\" height=\"150\" src=\"https:\/\/www.vfb-bad-lauchstaedt.de\/wp-content\/uploads\/2016\/04\/WWK_mario_jeschke-150x150.jpg\" class=\"attachment-thumbnail size-thumbnail\" alt=\"\" srcset=\"https:\/\/www.vfb-bad-lauchstaedt.de\/wp-content\/uploads\/2016\/04\/WWK_mario_jeschke-150x150.jpg 150w, https:\/\/www.vfb-bad-lauchstaedt.de\/wp-content\/uploads\/2016\/04\/WWK_mario_jeschke-140x140.jpg 140w\" sizes=\"auto, (max-width: 150px) 100vw, 150px\" \/><\/a>\n\t\t\t<\/div><\/figure><figure class='gallery-item'>\n\t\t\t<div class='gallery-icon portrait'>\n\t\t\t\t<a href='https:\/\/www.vfb-bad-lauchstaedt.de\/?attachment_id=6467'><img loading=\"lazy\" decoding=\"async\" width=\"150\" height=\"150\" src=\"https:\/\/www.vfb-bad-lauchstaedt.de\/wp-content\/uploads\/2016\/04\/Anzeige_VfB-150x150.jpg\" class=\"attachment-thumbnail size-thumbnail\" alt=\"\" srcset=\"https:\/\/www.vfb-bad-lauchstaedt.de\/wp-content\/uploads\/2016\/04\/Anzeige_VfB-150x150.jpg 150w, https:\/\/www.vfb-bad-lauchstaedt.de\/wp-content\/uploads\/2016\/04\/Anzeige_VfB-140x140.jpg 140w\" sizes=\"auto, (max-width: 150px) 100vw, 150px\" \/><\/a>\n\t\t\t<\/div><\/figure><figure class='gallery-item'>\n\t\t\t<div class='gallery-icon landscape'>\n\t\t\t\t<a href='https:\/\/www.vfb-bad-lauchstaedt.de\/?attachment_id=6465'><img loading=\"lazy\" decoding=\"async\" width=\"150\" height=\"150\" src=\"https:\/\/www.vfb-bad-lauchstaedt.de\/wp-content\/uploads\/2016\/04\/uebergabe1-150x150.jpg\" class=\"attachment-thumbnail size-thumbnail\" alt=\"\" srcset=\"https:\/\/www.vfb-bad-lauchstaedt.de\/wp-content\/uploads\/2016\/04\/uebergabe1-150x150.jpg 150w, https:\/\/www.vfb-bad-lauchstaedt.de\/wp-content\/uploads\/2016\/04\/uebergabe1-140x140.jpg 140w\" sizes=\"auto, (max-width: 150px) 100vw, 150px\" \/><\/a>\n\t\t\t<\/div><\/figure><figure class='gallery-item'>\n\t\t\t<div class='gallery-icon portrait'>\n\t\t\t\t<a href='https:\/\/www.vfb-bad-lauchstaedt.de\/?attachment_id=6466'><img loading=\"lazy\" decoding=\"async\" width=\"150\" height=\"150\" src=\"https:\/\/www.vfb-bad-lauchstaedt.de\/wp-content\/uploads\/2016\/04\/uebergabe2-150x150.jpg\" class=\"attachment-thumbnail size-thumbnail\" alt=\"\" srcset=\"https:\/\/www.vfb-bad-lauchstaedt.de\/wp-content\/uploads\/2016\/04\/uebergabe2-150x150.jpg 150w, https:\/\/www.vfb-bad-lauchstaedt.de\/wp-content\/uploads\/2016\/04\/uebergabe2-140x140.jpg 140w\" sizes=\"auto, (max-width: 150px) 100vw, 150px\" \/><\/a>\n\t\t\t<\/div><\/figure>\n\t\t<\/div>\n\n","protected":false},"excerpt":{"rendered":"<p>Was bei den gr\u00f6\u00dferen Kindern und Jugendllichen des VfB bei den Spielen gang und g\u00e4be ist, wird nun auch bei den Kleinsten VfBlern so sein. Mario Jeschke von der WWK Versicherung \u00fcberreichte am vergangenen Freitag einen ganzen Satz von Trainingsshirts an die Kinder um \u00dcbungsleiter Detlef Kopf, die die j\u00fcngsten Aktiven beim VfB Bad Lauchst\u00e4dt [&hellip;]<\/p>\n","protected":false},"author":2,"featured_media":6466,"comment_status":"open","ping_status":"open","sticky":false,"template":"","format":"standard","meta":{"footnotes":""},"categories":[3],"tags":[],"class_list":["post-6464","post","type-post","status-publish","format-standard","has-post-thumbnail","hentry","category-handball"],"_links":{"self":[{"href":"https:\/\/www.vfb-bad-lauchstaedt.de\/index.php?rest_route=\/wp\/v2\/posts\/6464","targetHints":{"allow":["GET"]}}],"collection":[{"href":"https:\/\/www.vfb-bad-lauchstaedt.de\/index.php?rest_route=\/wp\/v2\/posts"}],"about":[{"href":"https:\/\/www.vfb-bad-lauchstaedt.de\/index.php?rest_route=\/wp\/v2\/types\/post"}],"author":[{"embeddable":true,"href":"https:\/\/www.vfb-bad-lauchstaedt.de\/index.php?rest_route=\/wp\/v2\/users\/2"}],"replies":[{"embeddable":true,"href":"https:\/\/www.vfb-bad-lauchstaedt.de\/index.php?rest_route=%2Fwp%2Fv2%2Fcomments&post=6464"}],"version-history":[{"count":1,"href":"https:\/\/www.vfb-bad-lauchstaedt.de\/index.php?rest_route=\/wp\/v2\/posts\/6464\/revisions"}],"predecessor-version":[{"id":6469,"href":"https:\/\/www.vfb-bad-lauchstaedt.de\/index.php?rest_route=\/wp\/v2\/posts\/6464\/revisions\/6469"}],"wp:featuredmedia":[{"embeddable":true,"href":"https:\/\/www.vfb-bad-lauchstaedt.de\/index.php?rest_route=\/wp\/v2\/media\/6466"}],"wp:attachment":[{"href":"https:\/\/www.vfb-bad-lauchstaedt.de\/index.php?rest_route=%2Fwp%2Fv2%2Fmedia&parent=6464"}],"wp:term":[{"taxonomy":"category","embeddable":true,"href":"https:\/\/www.vfb-bad-lauchstaedt.de\/index.php?rest_route=%2Fwp%2Fv2%2Fcategories&post=6464"},{"taxonomy":"post_tag","embeddable":true,"href":"https:\/\/www.vfb-bad-lauchstaedt.de\/index.php?rest_route=%2Fwp%2Fv2%2Ftags&post=6464"}],"curies":[{"name":"wp","href":"https:\/\/api.w.org\/{rel}","templated":true}]}}