{"id":6564,"date":"2016-10-25T12:39:25","date_gmt":"2016-10-25T12:39:25","guid":{"rendered":"http:\/\/www.vfb-bad-lauchstaedt.de\/?p=6564"},"modified":"2018-05-16T06:49:41","modified_gmt":"2018-05-16T06:49:41","slug":"6564","status":"publish","type":"post","link":"https:\/\/www.vfb-bad-lauchstaedt.de\/?p=6564","title":{"rendered":"Zweite weiter an der Tabellenspitze der Kreisklasse"},"content":{"rendered":"<p><strong>VfB Bad Lauchst\u00e4dt II \u2013 TSG Freyburg 26:15 (HZ 10:8)<a href=\"https:\/\/www.vfb-bad-lauchstaedt.de\/wp-content\/uploads\/2016\/10\/97d2d7e554-KH_Stephan.jpg\"><img loading=\"lazy\" decoding=\"async\" class=\"alignright wp-image-6565\" src=\"https:\/\/www.vfb-bad-lauchstaedt.de\/wp-content\/uploads\/2016\/10\/97d2d7e554-KH_Stephan.jpg\" alt=\"97d2d7e554-kh_stephan\" width=\"259\" height=\"259\" srcset=\"https:\/\/www.vfb-bad-lauchstaedt.de\/wp-content\/uploads\/2016\/10\/97d2d7e554-KH_Stephan.jpg 365w, https:\/\/www.vfb-bad-lauchstaedt.de\/wp-content\/uploads\/2016\/10\/97d2d7e554-KH_Stephan-150x150.jpg 150w, https:\/\/www.vfb-bad-lauchstaedt.de\/wp-content\/uploads\/2016\/10\/97d2d7e554-KH_Stephan-300x300.jpg 300w, https:\/\/www.vfb-bad-lauchstaedt.de\/wp-content\/uploads\/2016\/10\/97d2d7e554-KH_Stephan-140x140.jpg 140w\" sizes=\"auto, (max-width: 259px) 100vw, 259px\" \/><\/a><\/strong><\/p>\n<figure id=\"attachment_6566\" aria-describedby=\"caption-attachment-6566\" style=\"width: 353px\" class=\"wp-caption alignright\"><a href=\"https:\/\/www.vfb-bad-lauchstaedt.de\/wp-content\/uploads\/2016\/10\/zweite_2016_17.jpg\"><img loading=\"lazy\" decoding=\"async\" class=\"wp-image-6566\" src=\"https:\/\/www.vfb-bad-lauchstaedt.de\/wp-content\/uploads\/2016\/10\/zweite_2016_17.jpg\" alt=\"zweite_2016_17\" width=\"353\" height=\"248\" srcset=\"https:\/\/www.vfb-bad-lauchstaedt.de\/wp-content\/uploads\/2016\/10\/zweite_2016_17.jpg 1094w, https:\/\/www.vfb-bad-lauchstaedt.de\/wp-content\/uploads\/2016\/10\/zweite_2016_17-300x211.jpg 300w, https:\/\/www.vfb-bad-lauchstaedt.de\/wp-content\/uploads\/2016\/10\/zweite_2016_17-768x539.jpg 768w, https:\/\/www.vfb-bad-lauchstaedt.de\/wp-content\/uploads\/2016\/10\/zweite_2016_17-1024x719.jpg 1024w\" sizes=\"auto, (max-width: 353px) 100vw, 353px\" \/><\/a><figcaption id=\"caption-attachment-6566\" class=\"wp-caption-text\">&#8222;Die Zweite&#8220; Saison 2016\/2017<\/figcaption><\/figure>\n<p>Zuerst nicht sch\u00f6n, am Ende aber deutlich, trifft wohl am besten, um die Partie der Lauchst\u00e4dter Reserve gegen die TSG Freyburg zu beschreiben. Beide Teams starteten m\u00fchevoll in die Partie, in der es bis zur 8. Spielminute dauerte ehe \u00fcberhaupt ein Tor erzielt wurde. Dann aber konnten die Lauchst\u00e4dter vom 2:0 auf 6:2 davonziehen. Das klingt deutlich, hatte aber im Gro\u00dfen und Ganzen schon zu dieser recht fr\u00fchzeitigen Spielzeit das Manko des Tages dargelegt, denn bei besserer Chancenverwertung h\u00e4tte es dort bereits 12:2 stehen m\u00fcssen.<br \/>\nImmer wieder scheiterten die Goethest\u00e4dter am zweifelsfrei guten Freyburger Schlussmann, der seine Mannschaft dabei im Spielt hielt.<br \/>\nIn nichts nach stand diesem unterdessen Karl-Heinz Stephan im Lauchst\u00e4dter Tor, der mit zwischenzeitlich 90% gehaltener B\u00e4lle gegen Ende von Halbzeit 1 aus der Mannschaft herausragte.<br \/>\nIm zweiten Spielabschnitt besannen sich die Lauchst\u00e4dter schlie\u00dflich, das Spiel wirkte deutlich fl\u00fcssiger und vor allem die Konzentration im Torabschluss war gesch\u00e4rft, so dass sich das Team der Goethest\u00e4dter vom zwischenzeitlichen 11:10 auf 17:11 absetzen konnte. Das gab den Hausherren die M\u00f6glichkeit, auch einmal durch zu schnaufen und zu wechseln, was diesmal aber nicht zu einem Bruch f\u00fchrte. Konstant lieferten nun alle Akteure eine gute Leistung ab und den Vorsprung auf 10 Tore anwachsen. Bis zum Ende blieb dieser erhalten, am Ende waren es schlie\u00dflich sogar 11, die die Lauchst\u00e4dter punktgleich mit dem TSV Leuna an der Tabellenspitze der Kreisklasse halten. Zum \u201eGipfeltreffen\u201c kommt es dann am kommenden Samstag um 14:00 Uhr in der Leunaer Sporthalle.<\/p>\n<p>VfB mit: Stephan; Kelling \u2013 Pohl, R.; Dietze (1); Runkel (1); Otto (1); Sch\u00f6nburg, M. (1); Weitze (2); Sch\u00f6nburg, K.-J. (2); Schm\u00e4dicke (5); Pohl, P. (5); Sch\u00f6ppe (8)<\/p>\n","protected":false},"excerpt":{"rendered":"<p>VfB Bad Lauchst\u00e4dt II \u2013 TSG Freyburg 26:15 (HZ 10:8) Zuerst nicht sch\u00f6n, am Ende aber deutlich, trifft wohl am besten, um die Partie der Lauchst\u00e4dter Reserve gegen die TSG Freyburg zu beschreiben. Beide Teams starteten m\u00fchevoll in die Partie, in der es bis zur 8. Spielminute dauerte ehe \u00fcberhaupt ein Tor erzielt wurde. Dann [&hellip;]<\/p>\n","protected":false},"author":2,"featured_media":6566,"comment_status":"closed","ping_status":"open","sticky":false,"template":"","format":"standard","meta":{"footnotes":""},"categories":[3,5],"tags":[],"class_list":["post-6564","post","type-post","status-publish","format-standard","has-post-thumbnail","hentry","category-handball","category-handball-spielberichte"],"_links":{"self":[{"href":"https:\/\/www.vfb-bad-lauchstaedt.de\/index.php?rest_route=\/wp\/v2\/posts\/6564","targetHints":{"allow":["GET"]}}],"collection":[{"href":"https:\/\/www.vfb-bad-lauchstaedt.de\/index.php?rest_route=\/wp\/v2\/posts"}],"about":[{"href":"https:\/\/www.vfb-bad-lauchstaedt.de\/index.php?rest_route=\/wp\/v2\/types\/post"}],"author":[{"embeddable":true,"href":"https:\/\/www.vfb-bad-lauchstaedt.de\/index.php?rest_route=\/wp\/v2\/users\/2"}],"replies":[{"embeddable":true,"href":"https:\/\/www.vfb-bad-lauchstaedt.de\/index.php?rest_route=%2Fwp%2Fv2%2Fcomments&post=6564"}],"version-history":[{"count":2,"href":"https:\/\/www.vfb-bad-lauchstaedt.de\/index.php?rest_route=\/wp\/v2\/posts\/6564\/revisions"}],"predecessor-version":[{"id":6568,"href":"https:\/\/www.vfb-bad-lauchstaedt.de\/index.php?rest_route=\/wp\/v2\/posts\/6564\/revisions\/6568"}],"wp:featuredmedia":[{"embeddable":true,"href":"https:\/\/www.vfb-bad-lauchstaedt.de\/index.php?rest_route=\/wp\/v2\/media\/6566"}],"wp:attachment":[{"href":"https:\/\/www.vfb-bad-lauchstaedt.de\/index.php?rest_route=%2Fwp%2Fv2%2Fmedia&parent=6564"}],"wp:term":[{"taxonomy":"category","embeddable":true,"href":"https:\/\/www.vfb-bad-lauchstaedt.de\/index.php?rest_route=%2Fwp%2Fv2%2Fcategories&post=6564"},{"taxonomy":"post_tag","embeddable":true,"href":"https:\/\/www.vfb-bad-lauchstaedt.de\/index.php?rest_route=%2Fwp%2Fv2%2Ftags&post=6564"}],"curies":[{"name":"wp","href":"https:\/\/api.w.org\/{rel}","templated":true}]}}