{"id":6797,"date":"2018-03-23T21:08:55","date_gmt":"2018-03-23T21:08:55","guid":{"rendered":"http:\/\/www.vfb-bad-lauchstaedt.de\/?p=6797"},"modified":"2018-05-16T06:49:41","modified_gmt":"2018-05-16T06:49:41","slug":"jahreshauptversammlung-2018-vfb-vorstand-stellt-sich-fuer-zukuft-breiter-auf","status":"publish","type":"post","link":"https:\/\/www.vfb-bad-lauchstaedt.de\/?p=6797","title":{"rendered":"Jahreshauptversammlung 2018 &#8211; VfB Vorstand stellt sich f\u00fcr Zukuft breiter auf"},"content":{"rendered":"<p>Am 23.3.2018 fand die j\u00e4hrliche Jahreshauptversammlung des VfB Bad Lauchst\u00e4dt statt. Zu Beginn wurde dem k\u00fcrzlich pl\u00f6tzlich verstorbenen Schachfreund Stefan Kiesewetter mit einer Schweigeminute gedacht, ehe es im Anschluss galt,die Tagesordnung abzuarbeiten. Diese behinhaltete neben den Berichten von Vorstand, Kassenwart und Revisionskommission, auch die Entlastung des Alten und Neuwahl des Neuen Vorstandes.<br \/>\nF\u00fcr die bisherige Mitarbeit bedankte sich der Alte und Neue Vorsitzende Detlev Kopf recht herzlich bei Sportfreund Dieter M\u00f6bius, der sich nicht erneut zur Wahl stellte.<\/p>\n<p>Nach Entlastung des Vorstandes gab es die M\u00f6glichkeit, neue Vorschl\u00e4ge zu unterbreiten, erfreulicherweise gab es Diese erstmals, so dass zahlreiche Bewerber zur Abstimmung standen und der neue Vorstand nun neben den bisherigen 4 Stellen, 2 neue Stellen z\u00e4hlt.<\/p>\n<p>Nach der Wahl setzt sich der neue Vorstand wie folgt zusammen:<\/p>\n<p>Vorsitzender:\u00a0\u00a0 Detlev Kopf<br \/>\nStellvertreter:\u00a0 Klaus-J\u00fcrgen Sch\u00f6nburg<br \/>\nKassenwart:\u00a0\u00a0\u00a0\u00a0 Bernd Kelling<br \/>\nSchriftf\u00fchrerin: Heike Nowak<br \/>\nJugend\/Sponsorenwart: Florian Ulrich<br \/>\nWart f\u00fcr \u00d6ffentlichkeitsarbeit: Martin Sch\u00f6nburg<\/p>\n<p>Abteilungleiter Handball: R\u00fcdiger Schm\u00e4dicke<br \/>\nAbteilungsleiter Volleyball: Guido Kropke<br \/>\nAbteilungsleiter Schach: Lothar Filipiak<\/p>\n<p>Auch eine neue Revisionskommission galt es zu w\u00e4hlen, bei der eine Sportfreundin durch Umzug ausschied und Sportfreund Ulrich sein Amt zur Verf\u00fcgung stellte, um k\u00fcnftig im Vorstand mitzuarbeiten. Gl\u00fccklicherweise waren auch hier Sportfreunde der Abteilung Handball schnell bereit einen Posten zu \u00fcbernehmen, so dass die\u00a0Revisionskommission k\u00fcnftig aus 3 Spielern der Ersten Lauchst\u00e4dter Mannschaft besteht:<\/p>\n<p>Vorsitzender: Enrico Lange<br \/>\nBeisitzer: Frank Zietemann<br \/>\nBeisitzer: Gerhard F\u00f6rster<\/p>\n<p>Allen Amtsinhabern w\u00fcnschen wir f\u00fcr die kommende Wahlperiode gutes Gelingen!<\/p>\n","protected":false},"excerpt":{"rendered":"<p>Am 23.3.2018 fand die j\u00e4hrliche Jahreshauptversammlung des VfB Bad Lauchst\u00e4dt statt. Zu Beginn wurde dem k\u00fcrzlich pl\u00f6tzlich verstorbenen Schachfreund Stefan Kiesewetter mit einer Schweigeminute gedacht, ehe es im Anschluss galt,die Tagesordnung abzuarbeiten. Diese behinhaltete neben den Berichten von Vorstand, Kassenwart und Revisionskommission, auch die Entlastung des Alten und Neuwahl des Neuen Vorstandes. F\u00fcr die bisherige [&hellip;]<\/p>\n","protected":false},"author":2,"featured_media":6798,"comment_status":"closed","ping_status":"open","sticky":false,"template":"","format":"standard","meta":{"footnotes":""},"categories":[1],"tags":[],"class_list":["post-6797","post","type-post","status-publish","format-standard","has-post-thumbnail","hentry","category-allgemein"],"_links":{"self":[{"href":"https:\/\/www.vfb-bad-lauchstaedt.de\/index.php?rest_route=\/wp\/v2\/posts\/6797","targetHints":{"allow":["GET"]}}],"collection":[{"href":"https:\/\/www.vfb-bad-lauchstaedt.de\/index.php?rest_route=\/wp\/v2\/posts"}],"about":[{"href":"https:\/\/www.vfb-bad-lauchstaedt.de\/index.php?rest_route=\/wp\/v2\/types\/post"}],"author":[{"embeddable":true,"href":"https:\/\/www.vfb-bad-lauchstaedt.de\/index.php?rest_route=\/wp\/v2\/users\/2"}],"replies":[{"embeddable":true,"href":"https:\/\/www.vfb-bad-lauchstaedt.de\/index.php?rest_route=%2Fwp%2Fv2%2Fcomments&post=6797"}],"version-history":[{"count":5,"href":"https:\/\/www.vfb-bad-lauchstaedt.de\/index.php?rest_route=\/wp\/v2\/posts\/6797\/revisions"}],"predecessor-version":[{"id":6803,"href":"https:\/\/www.vfb-bad-lauchstaedt.de\/index.php?rest_route=\/wp\/v2\/posts\/6797\/revisions\/6803"}],"wp:featuredmedia":[{"embeddable":true,"href":"https:\/\/www.vfb-bad-lauchstaedt.de\/index.php?rest_route=\/wp\/v2\/media\/6798"}],"wp:attachment":[{"href":"https:\/\/www.vfb-bad-lauchstaedt.de\/index.php?rest_route=%2Fwp%2Fv2%2Fmedia&parent=6797"}],"wp:term":[{"taxonomy":"category","embeddable":true,"href":"https:\/\/www.vfb-bad-lauchstaedt.de\/index.php?rest_route=%2Fwp%2Fv2%2Fcategories&post=6797"},{"taxonomy":"post_tag","embeddable":true,"href":"https:\/\/www.vfb-bad-lauchstaedt.de\/index.php?rest_route=%2Fwp%2Fv2%2Ftags&post=6797"}],"curies":[{"name":"wp","href":"https:\/\/api.w.org\/{rel}","templated":true}]}}