{"id":6818,"date":"2020-10-06T07:18:48","date_gmt":"2020-10-06T07:18:48","guid":{"rendered":"http:\/\/www.vfb-bad-lauchstaedt.de\/?p=6818"},"modified":"2022-10-06T07:19:27","modified_gmt":"2022-10-06T07:19:27","slug":"vfb-sucht-dringend-torhueter","status":"publish","type":"post","link":"https:\/\/www.vfb-bad-lauchstaedt.de\/?p=6818","title":{"rendered":"VfB sucht dringend Torh\u00fcter"},"content":{"rendered":"<p>Die Nachricht platzte wie eine Bombe im Morgengrauen des 09.07., als sich Sportinteressierte Mitb\u00fcrger bereits nach den neusten Geschehnissen aus der Mitteldeutschen Zeitung beim VfB Vorstand erkundigen wollten.<\/p>\n<p>Dort wurde verk\u00fcndet, dass Philip Taric, bislang erster Torh\u00fcter des VfB, vor einer R\u00fcckkehr zum SV Friesen Frankleben steht. Da auf Lauchst\u00e4dter Seite, bisher weder Spieler, Trainer noch Vorstand eingeweiht waren konnten die Fragen zun\u00e4chst nicht beantwortet werden, erst im Laufe des Vormittags informierte der Spieler nach R\u00fcckfrage die Mannschaft, die, wie der Verein nun vor einer gro\u00dfen Aufgabe steht. Knapp 2 Monate vor dem ersten Punktspiel ist der VfB kronisch unterbesetzt auf der Torh\u00fcterposition<\/p>\n","protected":false},"excerpt":{"rendered":"<p>Die Nachricht platzte wie eine Bombe im Morgengrauen des 09.07., als sich Sportinteressierte Mitb\u00fcrger bereits nach den neusten Geschehnissen aus der Mitteldeutschen Zeitung beim VfB Vorstand erkundigen wollten. Dort wurde verk\u00fcndet, dass Philip Taric, bislang erster Torh\u00fcter des VfB, vor einer R\u00fcckkehr zum SV Friesen Frankleben steht. Da auf Lauchst\u00e4dter Seite, bisher weder Spieler, Trainer [&hellip;]<\/p>\n","protected":false},"author":2,"featured_media":0,"comment_status":"open","ping_status":"open","sticky":false,"template":"","format":"standard","meta":{"footnotes":""},"categories":[1],"tags":[],"class_list":["post-6818","post","type-post","status-publish","format-standard","hentry","category-allgemein"],"_links":{"self":[{"href":"https:\/\/www.vfb-bad-lauchstaedt.de\/index.php?rest_route=\/wp\/v2\/posts\/6818","targetHints":{"allow":["GET"]}}],"collection":[{"href":"https:\/\/www.vfb-bad-lauchstaedt.de\/index.php?rest_route=\/wp\/v2\/posts"}],"about":[{"href":"https:\/\/www.vfb-bad-lauchstaedt.de\/index.php?rest_route=\/wp\/v2\/types\/post"}],"author":[{"embeddable":true,"href":"https:\/\/www.vfb-bad-lauchstaedt.de\/index.php?rest_route=\/wp\/v2\/users\/2"}],"replies":[{"embeddable":true,"href":"https:\/\/www.vfb-bad-lauchstaedt.de\/index.php?rest_route=%2Fwp%2Fv2%2Fcomments&post=6818"}],"version-history":[{"count":2,"href":"https:\/\/www.vfb-bad-lauchstaedt.de\/index.php?rest_route=\/wp\/v2\/posts\/6818\/revisions"}],"predecessor-version":[{"id":6934,"href":"https:\/\/www.vfb-bad-lauchstaedt.de\/index.php?rest_route=\/wp\/v2\/posts\/6818\/revisions\/6934"}],"wp:attachment":[{"href":"https:\/\/www.vfb-bad-lauchstaedt.de\/index.php?rest_route=%2Fwp%2Fv2%2Fmedia&parent=6818"}],"wp:term":[{"taxonomy":"category","embeddable":true,"href":"https:\/\/www.vfb-bad-lauchstaedt.de\/index.php?rest_route=%2Fwp%2Fv2%2Fcategories&post=6818"},{"taxonomy":"post_tag","embeddable":true,"href":"https:\/\/www.vfb-bad-lauchstaedt.de\/index.php?rest_route=%2Fwp%2Fv2%2Ftags&post=6818"}],"curies":[{"name":"wp","href":"https:\/\/api.w.org\/{rel}","templated":true}]}}