{"id":6842,"date":"2018-12-07T12:01:53","date_gmt":"2018-12-07T12:01:53","guid":{"rendered":"http:\/\/www.vfb-bad-lauchstaedt.de\/?p=6842"},"modified":"2018-12-07T12:01:53","modified_gmt":"2018-12-07T12:01:53","slug":"vfb-trauert-um-sportfreund-dieter-moebius","status":"publish","type":"post","link":"https:\/\/www.vfb-bad-lauchstaedt.de\/?p=6842","title":{"rendered":"VfB trauert um Sportfreund Dieter M\u00f6bius"},"content":{"rendered":"<p><strong><em>Der VfB Bad Lauchst\u00e4dt trauert um sein langj\u00e4hriges Vereins- und Vorstandsmitglied Dieter M\u00f6bius.<\/em><\/strong><\/p>\n<p><strong><em>In Trauer und Dankbarkeit nehmen wir Abschied von unserem Sportfreund, unsere Gedanken und Mitgef\u00fchl gilt seiner Familie.<\/em><\/strong><\/p>\n<p><img loading=\"lazy\" decoding=\"async\" class=\"aligncenter size-full wp-image-6843\" src=\"https:\/\/www.vfb-bad-lauchstaedt.de\/wp-content\/uploads\/2018\/12\/anz_dieter.jpg\" alt=\"\" width=\"709\" height=\"459\" srcset=\"https:\/\/www.vfb-bad-lauchstaedt.de\/wp-content\/uploads\/2018\/12\/anz_dieter.jpg 709w, https:\/\/www.vfb-bad-lauchstaedt.de\/wp-content\/uploads\/2018\/12\/anz_dieter-300x194.jpg 300w\" sizes=\"auto, (max-width: 709px) 100vw, 709px\" \/><\/p>\n<h2><em>In tiefer Anteilnahme<\/em><\/h2>\n<p><strong><em>Spieler, Trainer und Vorstand<\/em><\/strong><\/p>\n<p><strong><em>VfB Bad Lauchst\u00e4dt<\/em><\/strong><\/p>\n","protected":false},"excerpt":{"rendered":"<p>Der VfB Bad Lauchst\u00e4dt trauert um sein langj\u00e4hriges Vereins- und Vorstandsmitglied Dieter M\u00f6bius. In Trauer und Dankbarkeit nehmen wir Abschied von unserem Sportfreund, unsere Gedanken und Mitgef\u00fchl gilt seiner Familie. In tiefer Anteilnahme Spieler, Trainer und Vorstand VfB Bad Lauchst\u00e4dt<\/p>\n","protected":false},"author":2,"featured_media":6843,"comment_status":"open","ping_status":"open","sticky":false,"template":"","format":"standard","meta":{"footnotes":""},"categories":[1],"tags":[],"class_list":["post-6842","post","type-post","status-publish","format-standard","has-post-thumbnail","hentry","category-allgemein"],"_links":{"self":[{"href":"https:\/\/www.vfb-bad-lauchstaedt.de\/index.php?rest_route=\/wp\/v2\/posts\/6842","targetHints":{"allow":["GET"]}}],"collection":[{"href":"https:\/\/www.vfb-bad-lauchstaedt.de\/index.php?rest_route=\/wp\/v2\/posts"}],"about":[{"href":"https:\/\/www.vfb-bad-lauchstaedt.de\/index.php?rest_route=\/wp\/v2\/types\/post"}],"author":[{"embeddable":true,"href":"https:\/\/www.vfb-bad-lauchstaedt.de\/index.php?rest_route=\/wp\/v2\/users\/2"}],"replies":[{"embeddable":true,"href":"https:\/\/www.vfb-bad-lauchstaedt.de\/index.php?rest_route=%2Fwp%2Fv2%2Fcomments&post=6842"}],"version-history":[{"count":1,"href":"https:\/\/www.vfb-bad-lauchstaedt.de\/index.php?rest_route=\/wp\/v2\/posts\/6842\/revisions"}],"predecessor-version":[{"id":6844,"href":"https:\/\/www.vfb-bad-lauchstaedt.de\/index.php?rest_route=\/wp\/v2\/posts\/6842\/revisions\/6844"}],"wp:featuredmedia":[{"embeddable":true,"href":"https:\/\/www.vfb-bad-lauchstaedt.de\/index.php?rest_route=\/wp\/v2\/media\/6843"}],"wp:attachment":[{"href":"https:\/\/www.vfb-bad-lauchstaedt.de\/index.php?rest_route=%2Fwp%2Fv2%2Fmedia&parent=6842"}],"wp:term":[{"taxonomy":"category","embeddable":true,"href":"https:\/\/www.vfb-bad-lauchstaedt.de\/index.php?rest_route=%2Fwp%2Fv2%2Fcategories&post=6842"},{"taxonomy":"post_tag","embeddable":true,"href":"https:\/\/www.vfb-bad-lauchstaedt.de\/index.php?rest_route=%2Fwp%2Fv2%2Ftags&post=6842"}],"curies":[{"name":"wp","href":"https:\/\/api.w.org\/{rel}","templated":true}]}}