{"id":6849,"date":"2019-01-29T21:03:30","date_gmt":"2019-01-29T21:03:30","guid":{"rendered":"http:\/\/www.vfb-bad-lauchstaedt.de\/?p=6849"},"modified":"2019-01-29T21:03:30","modified_gmt":"2019-01-29T21:03:30","slug":"lauchstaedter-mit-licht-und-schatten-zum-rueckrundenauftakt","status":"publish","type":"post","link":"https:\/\/www.vfb-bad-lauchstaedt.de\/?p=6849","title":{"rendered":"Lauchst\u00e4dter mit Licht und Schatten zum R\u00fcckrundenauftakt"},"content":{"rendered":"<h3>\u200bTSV Leuna II \u2013 VfB II 32:31 (HZ 14:12)<\/h3>\n<figure id=\"attachment_227\" aria-describedby=\"caption-attachment-227\" style=\"width: 427px\" class=\"wp-caption alignright\"><img loading=\"lazy\" decoding=\"async\" class=\"wp-image-227\" src=\"https:\/\/www.vfb-handball.net\/wp-content\/uploads\/2019\/01\/IMG_0935.jpg\" alt=\"\" width=\"427\" height=\"202\" \/><figcaption id=\"caption-attachment-227\" class=\"wp-caption-text\">In Halbzeit 2 konnte sich auch VfB H\u00fcter Andy Klaus auszeichnen<\/figcaption><\/figure>\n<h3>TSV Leuna \u2013 VfB Bad Lauchst\u00e4dt 27:30 (HZ 17:14)<\/h3>\n<p>Licht und Schatten lagen bei den Lauchst\u00e4dter M\u00e4nnermannschaften am Wochenende oft dicht beisammen. W\u00e4hrend die zweite Mannschaft von Beginn an ein enges Spiel erwarten durfte, wollte die erste M\u00e4nner mit dem Schwung von zuletzt 2 Siegen gegen die Tabellenf\u00fchrer gleich die richtigen Weichen stellen.<\/p>\n<p>Doch zun\u00e4chst durfte die zweite gegen eine zweite Vertretung des TSV agieren, die aus gro\u00dfen Teilen aus der Besetzung der Ersten bestand, oder auch anders herum. Die Grenzen scheinen ein wenig zu verschwimmen, auch wenn es das Regelwerk so zul\u00e4sst.<br \/>\nDabei f\u00fchrten \u00fcber 60 Minuten die Hausherren mit 1 bis 3 Toren, zwischenzeitlich glich Lauchst\u00e4dt immer wieder aus, was auch eine spannende Schlussminute versprach.<br \/>\nIn Diese ging es dank des Ausgleichstores von Peter Pohl mit 31:31, jede Mannschaft sollte also die Chance zum Sieg haben. Cleverer agierten schlie\u00dflich die TSVler, die einen Abwehrschnitzer des VfB 11 Sekunden vor Schluss zum Endstand von 32:31 nutzten, w\u00e4hrend die Lauchst\u00e4dter den letzten Angriff aus der Hand gaben.<\/p>\n<figure id=\"attachment_228\" aria-describedby=\"caption-attachment-228\" style=\"width: 355px\" class=\"wp-caption alignleft\"><img loading=\"lazy\" decoding=\"async\" class=\"wp-image-228\" src=\"https:\/\/www.vfb-handball.net\/wp-content\/uploads\/2019\/01\/IMG_0910.jpg\" alt=\"\" width=\"355\" height=\"217\" \/><figcaption id=\"caption-attachment-228\" class=\"wp-caption-text\">Martin K\u00fcmmling erzielte 6 Tore, 5 davon im zweiten Durchgang<\/figcaption><\/figure>\n<p>Sp\u00e4ter, bei der ersten M\u00e4nner, verliert man lieber nicht so viele Worte \u00fcber die erste Halbzeit, denn diese war gepr\u00e4gt davon, dass Abwehr und Torh\u00fcter keinen Zugriff auf die schnellen Leunaer erhielten und die Lauchst\u00e4dter selbst im Angriff viel zu viele technische Fehler begingen. Schnell war man sich in der Halbzeit einig, vergessen und neu starten, wurde das Motto und so kam es auch. Aus einer konzentrierten Abwehr heraus, die nun auch den eigenen Torh\u00fcter st\u00fctzte, konnten Ballgewinne verzeichnet und der Ausgleich zum 17:17 schon in der 33. Spielminute erzielte werden. Fortan lief es auch im Angriff, mit einem guten R\u00fcckraum Kreis Zusammenspiel und sehenswerten Aktionen bauten die Goethest\u00e4dter eine 20:24 F\u00fchrung auf, bei der auch der Funke auf die mitgereisten Fans \u00fcbersprang.<br \/>\nAuch wenn Leuna noch zweimal auf ein Tor verk\u00fcrzen konnte, spielten die VfBler doch souver\u00e4n zu Ende und feierte den dritten Sieg in Folge.<\/p>\n<p>VfB II mit: Stephan, F\u00f6rster \u2013 Schm\u00e4dicke, R.; Pohl, R. (1); Dietze (2); R\u00fchlemann (3); Stolzenberg (4); Printz (4); Pohl, P. (6); Sch\u00f6ppe (11)<\/p>\n<p>VfB I mit: Hesse, Klaus \u2013 Kaminsky; Stolzenberg; Bertram (2); Zietemann (4); Lange (4); Gerlach (6); K\u00fcmmling, M.(6); K\u00fcmmling, K. (8)<\/p>\n<p>&nbsp;<\/p>\n","protected":false},"excerpt":{"rendered":"<p>\u200bTSV Leuna II \u2013 VfB II 32:31 (HZ 14:12) TSV Leuna \u2013 VfB Bad Lauchst\u00e4dt 27:30 (HZ 17:14) Licht und Schatten lagen bei den Lauchst\u00e4dter M\u00e4nnermannschaften am Wochenende oft dicht beisammen. W\u00e4hrend die zweite Mannschaft von Beginn an ein enges Spiel erwarten durfte, wollte die erste M\u00e4nner mit dem Schwung von zuletzt 2 Siegen gegen [&hellip;]<\/p>\n","protected":false},"author":2,"featured_media":6850,"comment_status":"open","ping_status":"open","sticky":false,"template":"","format":"standard","meta":{"footnotes":""},"categories":[5],"tags":[],"class_list":["post-6849","post","type-post","status-publish","format-standard","has-post-thumbnail","hentry","category-handball-spielberichte"],"_links":{"self":[{"href":"https:\/\/www.vfb-bad-lauchstaedt.de\/index.php?rest_route=\/wp\/v2\/posts\/6849","targetHints":{"allow":["GET"]}}],"collection":[{"href":"https:\/\/www.vfb-bad-lauchstaedt.de\/index.php?rest_route=\/wp\/v2\/posts"}],"about":[{"href":"https:\/\/www.vfb-bad-lauchstaedt.de\/index.php?rest_route=\/wp\/v2\/types\/post"}],"author":[{"embeddable":true,"href":"https:\/\/www.vfb-bad-lauchstaedt.de\/index.php?rest_route=\/wp\/v2\/users\/2"}],"replies":[{"embeddable":true,"href":"https:\/\/www.vfb-bad-lauchstaedt.de\/index.php?rest_route=%2Fwp%2Fv2%2Fcomments&post=6849"}],"version-history":[{"count":1,"href":"https:\/\/www.vfb-bad-lauchstaedt.de\/index.php?rest_route=\/wp\/v2\/posts\/6849\/revisions"}],"predecessor-version":[{"id":6851,"href":"https:\/\/www.vfb-bad-lauchstaedt.de\/index.php?rest_route=\/wp\/v2\/posts\/6849\/revisions\/6851"}],"wp:featuredmedia":[{"embeddable":true,"href":"https:\/\/www.vfb-bad-lauchstaedt.de\/index.php?rest_route=\/wp\/v2\/media\/6850"}],"wp:attachment":[{"href":"https:\/\/www.vfb-bad-lauchstaedt.de\/index.php?rest_route=%2Fwp%2Fv2%2Fmedia&parent=6849"}],"wp:term":[{"taxonomy":"category","embeddable":true,"href":"https:\/\/www.vfb-bad-lauchstaedt.de\/index.php?rest_route=%2Fwp%2Fv2%2Fcategories&post=6849"},{"taxonomy":"post_tag","embeddable":true,"href":"https:\/\/www.vfb-bad-lauchstaedt.de\/index.php?rest_route=%2Fwp%2Fv2%2Ftags&post=6849"}],"curies":[{"name":"wp","href":"https:\/\/api.w.org\/{rel}","templated":true}]}}