{"id":6911,"date":"2020-10-09T08:08:26","date_gmt":"2020-10-09T08:08:26","guid":{"rendered":"http:\/\/www.vfb-bad-lauchstaedt.de\/?p=6911"},"modified":"2020-10-09T08:42:26","modified_gmt":"2020-10-09T08:42:26","slug":"neue-trikots-zum-saisonstart-fuer-die-vfb-b-jugend-vermoegensberater-heiko-portius-dvag-sponsert-den-nachwuchs","status":"publish","type":"post","link":"https:\/\/www.vfb-bad-lauchstaedt.de\/?p=6911","title":{"rendered":"Neue Trikots zum Saisonstart f\u00fcr die VfB B-Jugend \u2013 Verm\u00f6gensberater Heiko Portius (DVAG) sponsert den Nachwuchs"},"content":{"rendered":"<figure id=\"attachment_6912\" aria-describedby=\"caption-attachment-6912\" style=\"width: 302px\" class=\"wp-caption alignright\"><a href=\"https:\/\/www.vfb-bad-lauchstaedt.de\/wp-content\/uploads\/2020\/10\/Screenshot_20201009_080650_com.whatsapp.jpg\"><img loading=\"lazy\" decoding=\"async\" class=\" wp-image-6912\" src=\"https:\/\/www.vfb-bad-lauchstaedt.de\/wp-content\/uploads\/2020\/10\/Screenshot_20201009_080650_com.whatsapp.jpg\" alt=\"\" width=\"302\" height=\"389\" srcset=\"https:\/\/www.vfb-bad-lauchstaedt.de\/wp-content\/uploads\/2020\/10\/Screenshot_20201009_080650_com.whatsapp.jpg 768w, https:\/\/www.vfb-bad-lauchstaedt.de\/wp-content\/uploads\/2020\/10\/Screenshot_20201009_080650_com.whatsapp-233x300.jpg 233w\" sizes=\"auto, (max-width: 302px) 100vw, 302px\" \/><\/a><figcaption id=\"caption-attachment-6912\" class=\"wp-caption-text\">Mannschaftskapit\u00e4n Jann Winter und \u00dcL Martin Sch\u00f6nburg nehmen die neuen Trikots von Heiko Portius in Empfang<\/figcaption><\/figure>\n<p>Endlich ist es wieder soweit. Nach 7 Monaten ohne Spielbetrieb startet die B-Jugend des VfB Bad Lauchst\u00e4dt endlich wieder in den Spielbetrieb. Doch nicht nur auf den ersten Wettkampf nach langer Corona Pause freuen sich die 13 bis16 j\u00e4hrigen Jugendlichen der Goethest\u00e4dter, den vor dem ersten Spiel gab es auch noch einen Satz neuer Trikots. Der Merseburger Verm\u00f6gens- und Versicherungsberater Heiko Portius hat unsere jungen VfBler mit neuen Trikots ausgestattet. \u201e <em>Wir freuen uns \u00fcber die gro\u00dfartige<\/em> <em>Unterst\u00fctzung, denn vor allem auch Sportvereine hatten in Covid-19 Zeiten <\/em><em>zu <\/em><em>k\u00e4mpfen<\/em><em>. <\/em><em>Das<\/em> <em>Trikotsponsoring von Herrn Portius ist ein tolles Zeichen f\u00fcr unseren Verein und<\/em> <em>f\u00fcr die Jugend. Hier treffen zwei Partner aufeinander<\/em><em>,<\/em> <em>die beide <\/em><em>regional verwurzelt und auf einer Wellenl\u00e4nge sind&#8220;, <\/em>sagt \u00dcbungsleiter Martin Sch\u00f6nburg.<\/p>\n<p>Der sportbegeisterte Gesch\u00e4ftsstellenleiter f\u00fcr Deutsche Verm\u00f6gensberatung (DVAG) Portius, der zahlreiche Vereine im Saalekreis unterst\u00fctzt, dazu: <em>\u201eIch m\u00f6chte f\u00fcr die Menschen vor Ort \u00fcber die Beratung<\/em> <em>zu Finanz- und Versicherungsthemen hinaus da sein und auch in schwierigen Zeiten<\/em> <em>meine Unterst\u00fctzung anbieten<\/em><em>. <\/em><em>Den regionalen Mannschaftssport zu unterst\u00fctzen lag<\/em> <em>mir schon immer besonders <\/em>am <em>Herzen. Denn Teamgeist, Verl\u00e4sslichkeit und<\/em> <em>pers\u00f6nlicher Einsatz ist <\/em>das, was <em>z\u00e4hlt <\/em>&#8211; <em>nicht nur im <\/em>Sport!&#8220;<\/p>\n<p>Regionale Vereine sind mangels Finanzst\u00e4rke meist auf die Unterst\u00fctzung \u00a0von ehrenamtlichen Helfern und pers\u00f6nlichen F\u00f6rderern angewiesen. Zur aktuellen Zeit gilt dies umso mehr.<br \/>\n\u00dcbungsleiter Martin Sch\u00f6nburg freut sich besonders \u00fcber die Aktion und ist \u00fcberzeugt: <em>\u201eMit <\/em><em>den neuen Trikots sind wir bestens f\u00fcr die Wiederaufnahme <\/em>des <em>Spielbetriebs vorbereitet und die Spieler sehen, dass auch Ihr Engagement belohnt wird!&#8220; <\/em>Die Mannschaft um Kapit\u00e4n Jann Winter ist begeistert und sicher, <em>mit den neuen Trikots kann das erste Spiel kommen.<\/em><\/p>\n<p>Im Namen des VfB Bad Lauchst\u00e4dt m\u00f6chte sich daher \u00dcbungsleiter Martin Sch\u00f6nburg recht herzlich f\u00fcr die Unterst\u00fctzung bedanken, ohne die Unterst\u00fctzung regionaler Partner und ehrenamtlicher Helfer geht es nicht, daher suchen wir im Moment umso intensive nach neuen Partnerschaften und freuen uns ganz besonders Heiko Portius in der Goethestadt begr\u00fc\u00dfen zu k\u00f6nnen.<\/p>\n<p>Wenn auch Sie uns unterst\u00fctzen oder Mitarbeiten m\u00f6chten, finden Sie nachfolgend die Kontaktdaten:<\/p>\n<p>VfB Bad Lauchst\u00e4dt \u2013 info@vfb-bad-lauchstaedt.de \u2013 mobil Martin Sch\u00f6nburg 0152 09056756<\/p>\n<p>Heiko Portius erreichen Sie in Merseburg in der Wei\u00dfenfelser Stra\u00dfe 48 oder unter Heiko.Portius@allfinanz.ag, Tel: 03461 415012<\/p>\n<p><a href=\"https:\/\/www.vfb-bad-lauchstaedt.de\/wp-content\/uploads\/2020\/10\/DSC03080_bear4.jpg\"><img loading=\"lazy\" decoding=\"async\" class=\"size-full wp-image-6913\" src=\"https:\/\/www.vfb-bad-lauchstaedt.de\/wp-content\/uploads\/2020\/10\/DSC03080_bear4.jpg\" alt=\"\" width=\"1222\" height=\"768\" srcset=\"https:\/\/www.vfb-bad-lauchstaedt.de\/wp-content\/uploads\/2020\/10\/DSC03080_bear4.jpg 1222w, https:\/\/www.vfb-bad-lauchstaedt.de\/wp-content\/uploads\/2020\/10\/DSC03080_bear4-300x189.jpg 300w, https:\/\/www.vfb-bad-lauchstaedt.de\/wp-content\/uploads\/2020\/10\/DSC03080_bear4-768x483.jpg 768w, https:\/\/www.vfb-bad-lauchstaedt.de\/wp-content\/uploads\/2020\/10\/DSC03080_bear4-1024x644.jpg 1024w\" sizes=\"auto, (max-width: 1222px) 100vw, 1222px\" \/><\/a><\/p>\n<div id='gallery-1' class='gallery galleryid-6911 gallery-columns-3 gallery-size-thumbnail'><figure class='gallery-item'>\n\t\t\t<div class='gallery-icon landscape'>\n\t\t\t\t<a href='https:\/\/www.vfb-bad-lauchstaedt.de\/?attachment_id=6913'><img loading=\"lazy\" decoding=\"async\" width=\"150\" height=\"150\" src=\"https:\/\/www.vfb-bad-lauchstaedt.de\/wp-content\/uploads\/2020\/10\/DSC03080_bear4-150x150.jpg\" class=\"attachment-thumbnail size-thumbnail\" alt=\"\" aria-describedby=\"gallery-1-6913\" srcset=\"https:\/\/www.vfb-bad-lauchstaedt.de\/wp-content\/uploads\/2020\/10\/DSC03080_bear4-150x150.jpg 150w, https:\/\/www.vfb-bad-lauchstaedt.de\/wp-content\/uploads\/2020\/10\/DSC03080_bear4-140x140.jpg 140w\" sizes=\"auto, (max-width: 150px) 100vw, 150px\" \/><\/a>\n\t\t\t<\/div>\n\t\t\t\t<figcaption class='wp-caption-text gallery-caption' id='gallery-1-6913'>\n\t\t\t\tMannschaftsfoto\n\t\t\t\t<\/figcaption><\/figure><figure class='gallery-item'>\n\t\t\t<div class='gallery-icon portrait'>\n\t\t\t\t<a href='https:\/\/www.vfb-bad-lauchstaedt.de\/?attachment_id=6912'><img loading=\"lazy\" decoding=\"async\" width=\"150\" height=\"150\" src=\"https:\/\/www.vfb-bad-lauchstaedt.de\/wp-content\/uploads\/2020\/10\/Screenshot_20201009_080650_com.whatsapp-150x150.jpg\" class=\"attachment-thumbnail size-thumbnail\" alt=\"\" aria-describedby=\"gallery-1-6912\" srcset=\"https:\/\/www.vfb-bad-lauchstaedt.de\/wp-content\/uploads\/2020\/10\/Screenshot_20201009_080650_com.whatsapp-150x150.jpg 150w, https:\/\/www.vfb-bad-lauchstaedt.de\/wp-content\/uploads\/2020\/10\/Screenshot_20201009_080650_com.whatsapp-140x140.jpg 140w\" sizes=\"auto, (max-width: 150px) 100vw, 150px\" \/><\/a>\n\t\t\t<\/div>\n\t\t\t\t<figcaption class='wp-caption-text gallery-caption' id='gallery-1-6912'>\n\t\t\t\tMannschaftskapit\u00e4n Jann Winter und \u00dcL Martin Sch\u00f6nburg nehmen die neuen Trikots von Heiko Portius in Empfang\n\t\t\t\t<\/figcaption><\/figure><figure class='gallery-item'>\n\t\t\t<div class='gallery-icon portrait'>\n\t\t\t\t<a href='https:\/\/www.vfb-bad-lauchstaedt.de\/?attachment_id=6914'><img loading=\"lazy\" decoding=\"async\" width=\"150\" height=\"150\" src=\"https:\/\/www.vfb-bad-lauchstaedt.de\/wp-content\/uploads\/2020\/10\/DSC03073_bear-150x150.jpg\" class=\"attachment-thumbnail size-thumbnail\" alt=\"\" aria-describedby=\"gallery-1-6914\" srcset=\"https:\/\/www.vfb-bad-lauchstaedt.de\/wp-content\/uploads\/2020\/10\/DSC03073_bear-150x150.jpg 150w, https:\/\/www.vfb-bad-lauchstaedt.de\/wp-content\/uploads\/2020\/10\/DSC03073_bear-140x140.jpg 140w\" sizes=\"auto, (max-width: 150px) 100vw, 150px\" \/><\/a>\n\t\t\t<\/div>\n\t\t\t\t<figcaption class='wp-caption-text gallery-caption' id='gallery-1-6914'>\n\t\t\t\tDer VfB \u00fcberrreichte als Dankesch\u00f6n ein kleines Pr\u00e4sent\n\t\t\t\t<\/figcaption><\/figure><figure class='gallery-item'>\n\t\t\t<div class='gallery-icon portrait'>\n\t\t\t\t<a href='https:\/\/www.vfb-bad-lauchstaedt.de\/?attachment_id=6916'><img loading=\"lazy\" decoding=\"async\" width=\"150\" height=\"150\" src=\"https:\/\/www.vfb-bad-lauchstaedt.de\/wp-content\/uploads\/2020\/10\/DSC03086_bear-150x150.jpg\" class=\"attachment-thumbnail size-thumbnail\" alt=\"\" aria-describedby=\"gallery-1-6916\" srcset=\"https:\/\/www.vfb-bad-lauchstaedt.de\/wp-content\/uploads\/2020\/10\/DSC03086_bear-150x150.jpg 150w, https:\/\/www.vfb-bad-lauchstaedt.de\/wp-content\/uploads\/2020\/10\/DSC03086_bear-140x140.jpg 140w\" sizes=\"auto, (max-width: 150px) 100vw, 150px\" \/><\/a>\n\t\t\t<\/div>\n\t\t\t\t<figcaption class='wp-caption-text gallery-caption' id='gallery-1-6916'>\n\t\t\t\tAuch die Torh\u00fcter erhielten nat\u00fcrlich ihre neuen Trikots\n\t\t\t\t<\/figcaption><\/figure><figure class='gallery-item'>\n\t\t\t<div class='gallery-icon landscape'>\n\t\t\t\t<a href='https:\/\/www.vfb-bad-lauchstaedt.de\/?attachment_id=6915'><img loading=\"lazy\" decoding=\"async\" width=\"150\" height=\"150\" src=\"https:\/\/www.vfb-bad-lauchstaedt.de\/wp-content\/uploads\/2020\/10\/DSC03080_bear3-150x150.jpg\" class=\"attachment-thumbnail size-thumbnail\" alt=\"\" aria-describedby=\"gallery-1-6915\" srcset=\"https:\/\/www.vfb-bad-lauchstaedt.de\/wp-content\/uploads\/2020\/10\/DSC03080_bear3-150x150.jpg 150w, https:\/\/www.vfb-bad-lauchstaedt.de\/wp-content\/uploads\/2020\/10\/DSC03080_bear3-140x140.jpg 140w\" sizes=\"auto, (max-width: 150px) 100vw, 150px\" \/><\/a>\n\t\t\t<\/div>\n\t\t\t\t<figcaption class='wp-caption-text gallery-caption' id='gallery-1-6915'>\n\t\t\t\tMannschaftsfoto\n\t\t\t\t<\/figcaption><\/figure>\n\t\t<\/div>\n\n","protected":false},"excerpt":{"rendered":"<p>Endlich ist es wieder soweit. Nach 7 Monaten ohne Spielbetrieb startet die B-Jugend des VfB Bad Lauchst\u00e4dt endlich wieder in den Spielbetrieb. Doch nicht nur auf den ersten Wettkampf nach langer Corona Pause freuen sich die 13 bis16 j\u00e4hrigen Jugendlichen der Goethest\u00e4dter, den vor dem ersten Spiel gab es auch noch einen Satz neuer Trikots. [&hellip;]<\/p>\n","protected":false},"author":2,"featured_media":0,"comment_status":"open","ping_status":"open","sticky":false,"template":"","format":"standard","meta":{"footnotes":""},"categories":[1,3],"tags":[],"class_list":["post-6911","post","type-post","status-publish","format-standard","hentry","category-allgemein","category-handball"],"_links":{"self":[{"href":"https:\/\/www.vfb-bad-lauchstaedt.de\/index.php?rest_route=\/wp\/v2\/posts\/6911","targetHints":{"allow":["GET"]}}],"collection":[{"href":"https:\/\/www.vfb-bad-lauchstaedt.de\/index.php?rest_route=\/wp\/v2\/posts"}],"about":[{"href":"https:\/\/www.vfb-bad-lauchstaedt.de\/index.php?rest_route=\/wp\/v2\/types\/post"}],"author":[{"embeddable":true,"href":"https:\/\/www.vfb-bad-lauchstaedt.de\/index.php?rest_route=\/wp\/v2\/users\/2"}],"replies":[{"embeddable":true,"href":"https:\/\/www.vfb-bad-lauchstaedt.de\/index.php?rest_route=%2Fwp%2Fv2%2Fcomments&post=6911"}],"version-history":[{"count":5,"href":"https:\/\/www.vfb-bad-lauchstaedt.de\/index.php?rest_route=\/wp\/v2\/posts\/6911\/revisions"}],"predecessor-version":[{"id":6921,"href":"https:\/\/www.vfb-bad-lauchstaedt.de\/index.php?rest_route=\/wp\/v2\/posts\/6911\/revisions\/6921"}],"wp:attachment":[{"href":"https:\/\/www.vfb-bad-lauchstaedt.de\/index.php?rest_route=%2Fwp%2Fv2%2Fmedia&parent=6911"}],"wp:term":[{"taxonomy":"category","embeddable":true,"href":"https:\/\/www.vfb-bad-lauchstaedt.de\/index.php?rest_route=%2Fwp%2Fv2%2Fcategories&post=6911"},{"taxonomy":"post_tag","embeddable":true,"href":"https:\/\/www.vfb-bad-lauchstaedt.de\/index.php?rest_route=%2Fwp%2Fv2%2Ftags&post=6911"}],"curies":[{"name":"wp","href":"https:\/\/api.w.org\/{rel}","templated":true}]}}