{"id":6962,"date":"2022-11-22T10:16:44","date_gmt":"2022-11-22T10:16:44","guid":{"rendered":"http:\/\/www.vfb-bad-lauchstaedt.de\/?p=6962"},"modified":"2022-11-22T10:16:44","modified_gmt":"2022-11-22T10:16:44","slug":"jahresrueckblick-vfb-mit-licht-und-schatten","status":"publish","type":"post","link":"https:\/\/www.vfb-bad-lauchstaedt.de\/?p=6962","title":{"rendered":"Jahresr\u00fcckblick VfB mit Licht und Schatten"},"content":{"rendered":"<figure id=\"attachment_6963\" aria-describedby=\"caption-attachment-6963\" style=\"width: 452px\" class=\"wp-caption alignright\"><img loading=\"lazy\" decoding=\"async\" class=\"wp-image-6963\" src=\"https:\/\/www.vfb-bad-lauchstaedt.de\/wp-content\/uploads\/2022\/11\/IMG_0520-1024x683.jpg\" alt=\"\" width=\"452\" height=\"302\" srcset=\"https:\/\/www.vfb-bad-lauchstaedt.de\/wp-content\/uploads\/2022\/11\/IMG_0520-1024x683.jpg 1024w, https:\/\/www.vfb-bad-lauchstaedt.de\/wp-content\/uploads\/2022\/11\/IMG_0520-300x200.jpg 300w, https:\/\/www.vfb-bad-lauchstaedt.de\/wp-content\/uploads\/2022\/11\/IMG_0520-768x512.jpg 768w, https:\/\/www.vfb-bad-lauchstaedt.de\/wp-content\/uploads\/2022\/11\/IMG_0520.jpg 1152w\" sizes=\"auto, (max-width: 452px) 100vw, 452px\" \/><figcaption id=\"caption-attachment-6963\" class=\"wp-caption-text\">Ben M\u00fcller vom SV Friesen Frankleben<\/figcaption><\/figure>\n<p>Das Jahr 2022 stand f\u00fcr die Lauchst\u00e4dter VfBler weiterhin unter den Nachwirkungen der Corona Spiel- und Trainingsunterbrechungen. W\u00e4hrend die erste M\u00e4nnermannschaft der Handballer mit lediglich 12 durchgef\u00fchrten Spielen die Saison immerhin beenden konnten, musste die zweite Mannschaft nach der Unterbrechung abgemeldet werden, um zumindest eine Mannschaft im Spielbetrieb halten zu k\u00f6nnen.<br \/>\nIm Nachwuchs kamen zahlreiche Jugendliche und Kinder nach der langen Pause leider nicht wieder zur\u00fcck in die Turnhalle, was wir sehr bedauern und hoffen, dass dem ein oder anderen vllt. Demn\u00e4chst doch wieder die Handballlust packt und es ihn zur\u00fcck zum Sport zieht.<\/p>\n<p>Ab Mai standen schlie\u00dflich die Vorbereitungen auf das j\u00e4hrliche Sommerfest des VfB an, welches im Jahr 2022 zusammen mit dem Kreissportbund Saalekreis auch die Kreis,- Kinder- und Jugendspiele im Handball bilden sollte. In 12 Nachwuchsaltersklassen und einem Mixed-Turnier sollte das Ganze schlie\u00dflich ein riesen Spektakel werden, nach mehreren Absagen wurde es aber zumindest ein Kleineres. 220 Sportler und Sportlerinnen und 60 Zuschauer brachten in 6 Altersklassen Bestleistungen und machten so das Vereinsgel\u00e4nde bei bestem Sommerwetter zum Handballmittelpunkt f\u00fcr einen Tag, was auch der Kreissportbund lobte. F\u00fcr die Zukunft sollen jedoch noch mehr Vereine der Region wieder zum Mitmachen bewegt werden. Besonderen Dank f\u00fcr die Unterst\u00fctzung des Festes m\u00f6chten wir an dieser Stelle Edeka Schatz Bad Lauchst\u00e4dt und den wenigen Helfern sagen, ohne deren Unterst\u00fctzung das Fest nicht m\u00f6glich gewesen w\u00e4re.<\/p>\n<p>Im Herbst ging es vor allem mit den Mitgliedern wieder bergauf. Die Volleyballer verzeichnen stetigen Zuwachs durch alle Altersgruppen und auch bei den Handballern wurde wieder ein Grundger\u00fcst f\u00fcr die Zukunft ins Leben gerufen. Unter der Leitung von Fam. Kastler ist wieder eine Mini Ballschulgruppe entstanden, in der sich mittlerweile gut 14 Kinder zwischen 4 und 7 Jahren langsam mit viel Spiel und Spa\u00df an das sp\u00e4tere Handballspielen herantasten.<br \/>\nF\u00fcr alle Interessierten findet das Training Freitags 15:00 Uhr an der Turnhalle am Roten Platz statt.<\/p>\n<figure id=\"attachment_6964\" aria-describedby=\"caption-attachment-6964\" style=\"width: 446px\" class=\"wp-caption alignright\"><img loading=\"lazy\" decoding=\"async\" class=\"wp-image-6964\" src=\"https:\/\/www.vfb-bad-lauchstaedt.de\/wp-content\/uploads\/2022\/11\/IMG_0519-1024x683.jpg\" alt=\"\" width=\"446\" height=\"298\" srcset=\"https:\/\/www.vfb-bad-lauchstaedt.de\/wp-content\/uploads\/2022\/11\/IMG_0519-1024x683.jpg 1024w, https:\/\/www.vfb-bad-lauchstaedt.de\/wp-content\/uploads\/2022\/11\/IMG_0519-300x200.jpg 300w, https:\/\/www.vfb-bad-lauchstaedt.de\/wp-content\/uploads\/2022\/11\/IMG_0519-768x512.jpg 768w, https:\/\/www.vfb-bad-lauchstaedt.de\/wp-content\/uploads\/2022\/11\/IMG_0519.jpg 1152w\" sizes=\"auto, (max-width: 446px) 100vw, 446px\" \/><figcaption id=\"caption-attachment-6964\" class=\"wp-caption-text\">Lisa Arndt vom SV Friesen Frankleben<\/figcaption><\/figure>\n<p>Au\u00dferdem gibt es nun auch endlich wieder eine Mannschaft im Punktspielbetrieb, die unter der Leitung von Familie Retzlaff als D-Jugend an aktiven Spielen teilnimmt. Training f\u00fcr diese Mannschaft zwischen 8 und 10 Jahren ist jeweils Dienstags von 17:00 \u2013 18:30 und Freitags 15:30- 17:00 Uhr in der Germania-Sporthalle.<br \/>\nDie M\u00e4nner der Handballer sind respektabel in die nun hoffentlich coronafreie Saison gestartet und belegen aktuell einen Platz in der Spitzengruppe, wobei hier und da eine breitere Personaldecke w\u00fcnschenswert w\u00e4re. Interessierte k\u00f6nne sich dabei Dienstags ab 18:30 Uhr in der Germania-Sporthalle zum Training einfinden.<\/p>\n<p>Mit hoffentlich weiteren positiven Nachwichten w\u00fcnschen wir allen Goethest\u00e4dterinnen und Goethest\u00e4dtern eine angenehme Vorweihnachtszeit und einen Guten Rutsch ins neue Jahr!<\/p>\n<p>&nbsp;<\/p>\n<p>&nbsp;<\/p>\n","protected":false},"excerpt":{"rendered":"<p>Das Jahr 2022 stand f\u00fcr die Lauchst\u00e4dter VfBler weiterhin unter den Nachwirkungen der Corona Spiel- und Trainingsunterbrechungen. W\u00e4hrend die erste M\u00e4nnermannschaft der Handballer mit lediglich 12 durchgef\u00fchrten Spielen die Saison immerhin beenden konnten, musste die zweite Mannschaft nach der Unterbrechung abgemeldet werden, um zumindest eine Mannschaft im Spielbetrieb halten zu k\u00f6nnen. Im Nachwuchs kamen zahlreiche [&hellip;]<\/p>\n","protected":false},"author":2,"featured_media":6965,"comment_status":"open","ping_status":"open","sticky":false,"template":"","format":"standard","meta":{"footnotes":""},"categories":[1,3,10],"tags":[],"class_list":["post-6962","post","type-post","status-publish","format-standard","has-post-thumbnail","hentry","category-allgemein","category-handball","category-volleyball"],"_links":{"self":[{"href":"https:\/\/www.vfb-bad-lauchstaedt.de\/index.php?rest_route=\/wp\/v2\/posts\/6962","targetHints":{"allow":["GET"]}}],"collection":[{"href":"https:\/\/www.vfb-bad-lauchstaedt.de\/index.php?rest_route=\/wp\/v2\/posts"}],"about":[{"href":"https:\/\/www.vfb-bad-lauchstaedt.de\/index.php?rest_route=\/wp\/v2\/types\/post"}],"author":[{"embeddable":true,"href":"https:\/\/www.vfb-bad-lauchstaedt.de\/index.php?rest_route=\/wp\/v2\/users\/2"}],"replies":[{"embeddable":true,"href":"https:\/\/www.vfb-bad-lauchstaedt.de\/index.php?rest_route=%2Fwp%2Fv2%2Fcomments&post=6962"}],"version-history":[{"count":1,"href":"https:\/\/www.vfb-bad-lauchstaedt.de\/index.php?rest_route=\/wp\/v2\/posts\/6962\/revisions"}],"predecessor-version":[{"id":6966,"href":"https:\/\/www.vfb-bad-lauchstaedt.de\/index.php?rest_route=\/wp\/v2\/posts\/6962\/revisions\/6966"}],"wp:featuredmedia":[{"embeddable":true,"href":"https:\/\/www.vfb-bad-lauchstaedt.de\/index.php?rest_route=\/wp\/v2\/media\/6965"}],"wp:attachment":[{"href":"https:\/\/www.vfb-bad-lauchstaedt.de\/index.php?rest_route=%2Fwp%2Fv2%2Fmedia&parent=6962"}],"wp:term":[{"taxonomy":"category","embeddable":true,"href":"https:\/\/www.vfb-bad-lauchstaedt.de\/index.php?rest_route=%2Fwp%2Fv2%2Fcategories&post=6962"},{"taxonomy":"post_tag","embeddable":true,"href":"https:\/\/www.vfb-bad-lauchstaedt.de\/index.php?rest_route=%2Fwp%2Fv2%2Ftags&post=6962"}],"curies":[{"name":"wp","href":"https:\/\/api.w.org\/{rel}","templated":true}]}}