{"id":7062,"date":"2025-09-15T07:14:21","date_gmt":"2025-09-15T07:14:21","guid":{"rendered":"https:\/\/www.vfb-bad-lauchstaedt.de\/?p=7062"},"modified":"2025-09-15T07:14:21","modified_gmt":"2025-09-15T07:14:21","slug":"strahlende-augen-beim-vfb-bad-lauchstaedt-e-jugend-startet-mit-neuen-trikots-in-die-saison","status":"publish","type":"post","link":"https:\/\/www.vfb-bad-lauchstaedt.de\/?p=7062","title":{"rendered":"<strong>Strahlende Augen beim VfB Bad Lauchst\u00e4dt: E-Jugend startet mit neuen Trikots in die Saison<\/strong>"},"content":{"rendered":"<p><img loading=\"lazy\" decoding=\"async\" class=\"alignright  wp-image-7063\" src=\"https:\/\/www.vfb-bad-lauchstaedt.de\/wp-content\/uploads\/2025\/09\/Sponsor-mit-Uebungsleitern-759x1024.jpg\" alt=\"\" width=\"283\" height=\"382\" srcset=\"https:\/\/www.vfb-bad-lauchstaedt.de\/wp-content\/uploads\/2025\/09\/Sponsor-mit-Uebungsleitern-759x1024.jpg 759w, https:\/\/www.vfb-bad-lauchstaedt.de\/wp-content\/uploads\/2025\/09\/Sponsor-mit-Uebungsleitern-222x300.jpg 222w, https:\/\/www.vfb-bad-lauchstaedt.de\/wp-content\/uploads\/2025\/09\/Sponsor-mit-Uebungsleitern-768x1036.jpg 768w, https:\/\/www.vfb-bad-lauchstaedt.de\/wp-content\/uploads\/2025\/09\/Sponsor-mit-Uebungsleitern-1139x1536.jpg 1139w, https:\/\/www.vfb-bad-lauchstaedt.de\/wp-content\/uploads\/2025\/09\/Sponsor-mit-Uebungsleitern.jpg 1200w\" sizes=\"auto, (max-width: 283px) 100vw, 283px\" \/>Bad Lauchst\u00e4dt \u2013 Mit einem gro\u00dfen L\u00e4cheln und gl\u00e4nzenden Augen haben die jungen Handballer der m\u00e4nnlichen E-Jugend des VfB Bad Lauchst\u00e4dt ihre neue Spielkleidung entgegengenommen. P\u00fcnktlich zum Saisonstart durften die Nachwuchsspieler ihre frischen Trikots pr\u00e4sentieren \u2013 ein besonderer Moment f\u00fcr Kinder, Eltern und Verein.<\/p>\n<p>M\u00f6glich gemacht wurde diese \u00dcberraschung durch Katharina M\u00fcller, die bereits seit 2022 die Praxis \u201e\u00c4sthetik in der Saaleaue\u201c in Schkopau leitet und im Rahmen eines Soft Openings am 4. Oktober 2025 um 14:00 Uhr die renovierten Praxisr\u00e4ume er\u00f6ffnet.<\/p>\n<p>Die Trikot\u00fcbergabe war nicht nur ein sportlicher, sondern auch ein emotionaler H\u00f6hepunkt: W\u00e4hrend die Kinder voller Begeisterung ihre neuen Outfits bestaunten, hielt Christin Paraschiv \u2013 selbst Spielermutti und Teil des Praxisteams \u2013 die Momente f\u00fcr die sozialen Medien fest. Sie wird k\u00fcnftig auch das Social-Media-Team des VfB Bad Lauchst\u00e4dt unterst\u00fctzen und damit ihre berufliche Erfahrung f\u00fcr den Verein einbringen.<\/p>\n<p>Der VfB Bad Lauchst\u00e4dt bedankte sich herzlich bei Katharina M\u00fcller f\u00fcr die gro\u00dfz\u00fcgige Unterst\u00fctzung und die neue Partnerschaft. \u201eWir freuen uns sehr \u00fcber das Engagement von Katharina M\u00fcller und Christin Paraschiv und w\u00fcnschen ihnen f\u00fcr die weitere Entwicklung der Praxis viel Erfolg\u201c, so VfB Vorsitzender Martin Sch\u00f6nburg.<\/p>\n<p>Mit neuen Trikots, starken Partnerinnen an der Seite und viel Motivation blickt die E-Jugend des VfB nun zuversichtlich auf eine spannende Saison.<\/p>\n<p><img loading=\"lazy\" decoding=\"async\" class=\"aligncenter size-full wp-image-7064\" src=\"https:\/\/www.vfb-bad-lauchstaedt.de\/wp-content\/uploads\/2025\/09\/mje_25_26.jpg\" alt=\"\" width=\"2010\" height=\"1200\" srcset=\"https:\/\/www.vfb-bad-lauchstaedt.de\/wp-content\/uploads\/2025\/09\/mje_25_26.jpg 2010w, https:\/\/www.vfb-bad-lauchstaedt.de\/wp-content\/uploads\/2025\/09\/mje_25_26-300x179.jpg 300w, https:\/\/www.vfb-bad-lauchstaedt.de\/wp-content\/uploads\/2025\/09\/mje_25_26-1024x611.jpg 1024w, https:\/\/www.vfb-bad-lauchstaedt.de\/wp-content\/uploads\/2025\/09\/mje_25_26-768x459.jpg 768w, https:\/\/www.vfb-bad-lauchstaedt.de\/wp-content\/uploads\/2025\/09\/mje_25_26-1536x917.jpg 1536w\" sizes=\"auto, (max-width: 2010px) 100vw, 2010px\" \/><\/p>\n","protected":false},"excerpt":{"rendered":"<p>Bad Lauchst\u00e4dt \u2013 Mit einem gro\u00dfen L\u00e4cheln und gl\u00e4nzenden Augen haben die jungen Handballer der m\u00e4nnlichen E-Jugend des VfB Bad Lauchst\u00e4dt ihre neue Spielkleidung entgegengenommen. P\u00fcnktlich zum Saisonstart durften die Nachwuchsspieler ihre frischen Trikots pr\u00e4sentieren \u2013 ein besonderer Moment f\u00fcr Kinder, Eltern und Verein. M\u00f6glich gemacht wurde diese \u00dcberraschung durch Katharina M\u00fcller, die bereits seit [&hellip;]<\/p>\n","protected":false},"author":2,"featured_media":7064,"comment_status":"open","ping_status":"open","sticky":false,"template":"","format":"standard","meta":{"footnotes":""},"categories":[1],"tags":[],"class_list":["post-7062","post","type-post","status-publish","format-standard","has-post-thumbnail","hentry","category-allgemein"],"_links":{"self":[{"href":"https:\/\/www.vfb-bad-lauchstaedt.de\/index.php?rest_route=\/wp\/v2\/posts\/7062","targetHints":{"allow":["GET"]}}],"collection":[{"href":"https:\/\/www.vfb-bad-lauchstaedt.de\/index.php?rest_route=\/wp\/v2\/posts"}],"about":[{"href":"https:\/\/www.vfb-bad-lauchstaedt.de\/index.php?rest_route=\/wp\/v2\/types\/post"}],"author":[{"embeddable":true,"href":"https:\/\/www.vfb-bad-lauchstaedt.de\/index.php?rest_route=\/wp\/v2\/users\/2"}],"replies":[{"embeddable":true,"href":"https:\/\/www.vfb-bad-lauchstaedt.de\/index.php?rest_route=%2Fwp%2Fv2%2Fcomments&post=7062"}],"version-history":[{"count":1,"href":"https:\/\/www.vfb-bad-lauchstaedt.de\/index.php?rest_route=\/wp\/v2\/posts\/7062\/revisions"}],"predecessor-version":[{"id":7065,"href":"https:\/\/www.vfb-bad-lauchstaedt.de\/index.php?rest_route=\/wp\/v2\/posts\/7062\/revisions\/7065"}],"wp:featuredmedia":[{"embeddable":true,"href":"https:\/\/www.vfb-bad-lauchstaedt.de\/index.php?rest_route=\/wp\/v2\/media\/7064"}],"wp:attachment":[{"href":"https:\/\/www.vfb-bad-lauchstaedt.de\/index.php?rest_route=%2Fwp%2Fv2%2Fmedia&parent=7062"}],"wp:term":[{"taxonomy":"category","embeddable":true,"href":"https:\/\/www.vfb-bad-lauchstaedt.de\/index.php?rest_route=%2Fwp%2Fv2%2Fcategories&post=7062"},{"taxonomy":"post_tag","embeddable":true,"href":"https:\/\/www.vfb-bad-lauchstaedt.de\/index.php?rest_route=%2Fwp%2Fv2%2Ftags&post=7062"}],"curies":[{"name":"wp","href":"https:\/\/api.w.org\/{rel}","templated":true}]}}