{"id":7074,"date":"2025-10-15T14:07:39","date_gmt":"2025-10-15T14:07:39","guid":{"rendered":"https:\/\/www.vfb-bad-lauchstaedt.de\/?p=7074"},"modified":"2025-10-15T14:07:39","modified_gmt":"2025-10-15T14:07:39","slug":"neuer-jugendwart-beim-vfb-andre-stange-uebernimmt-verantwortung-fuer-den-nachwuchs","status":"publish","type":"post","link":"https:\/\/www.vfb-bad-lauchstaedt.de\/?p=7074","title":{"rendered":"<strong>Neuer Jugendwart beim VfB: Andr\u00e9 Stange \u00fcbernimmt Verantwortung f\u00fcr den Nachwuchs<\/strong>"},"content":{"rendered":"<p><img loading=\"lazy\" decoding=\"async\" class=\"alignright size-full wp-image-7069\" src=\"https:\/\/www.vfb-bad-lauchstaedt.de\/wp-content\/uploads\/2025\/10\/andre.jpg\" alt=\"\" width=\"411\" height=\"446\" srcset=\"https:\/\/www.vfb-bad-lauchstaedt.de\/wp-content\/uploads\/2025\/10\/andre.jpg 411w, https:\/\/www.vfb-bad-lauchstaedt.de\/wp-content\/uploads\/2025\/10\/andre-276x300.jpg 276w\" sizes=\"auto, (max-width: 411px) 100vw, 411px\" \/>Im Rahmen der Jahreshauptversammlung am 10. Oktober 2025 wurde Andr\u00e9 Stange einstimmig zum neuen Jugendwart des VfB berufen. Der 42-J\u00e4hrige aus Langenbogen bringt viel Leidenschaft und frische Ideen in seine neue Aufgabe ein.<\/p>\n<p>Stange war viele Jahre selbst aktiv im Handball, bevor er nach einer l\u00e4ngeren Pause \u00fcber seinen Sohn <strong>Matteo<\/strong> den Weg zum VfB fand. Aus anf\u00e4nglicher Unterst\u00fctzung von der Trib\u00fcne wurde schnell mehr \u2013 Andr\u00e9 stieg als <strong>\u00dcbungsleiter<\/strong> ein und ist heute ein fester Bestandteil des Vereinslebens. Seit einiger Zeit steht er sogar wieder selbst auf dem Feld, als Spieler der <strong>ersten M\u00e4nnermannschaft<\/strong><strong>.<\/strong><\/p>\n<p>In seiner neuen Funktion als Jugendwart m\u00f6chte Stange die <strong>Nachwuchsarbeit weiterentwickeln und enger mit der Vereinsstruktur verzahnen<\/strong>. Besonders wichtig ist ihm die <strong>Zusammenarbeit mit Schulen und Kindertagesst\u00e4tten<\/strong>, um Kindern fr\u00fch den Spa\u00df am Handball zu vermitteln. Au\u00dferdem soll die Verbindung zwischen <strong>Jugend- und M\u00e4nnermannschaft <\/strong>gest\u00e4rkt werden \u2013 etwa durch <strong>Patenschaften<\/strong>, bei denen Spieler der ersten Mannschaft als Ansprechpartner und Vorbilder f\u00fcr die Nachwuchsteams fungieren.<\/p>\n<p>\u201eMir liegt der Nachwuchs sehr am Herzen. Wir wollen den Kindern Freude am Sport vermitteln und sie langfristig f\u00fcr den Handball begeistern\u201c, so Stange.<\/p>\n<p>Mit Andr\u00e9 Stange gewinnt der VfB einen engagierten und motivierten Jugendwart, der mit Herzblut, Erfahrung und neuen Ideen die Zukunft des Vereins aktiv mitgestalten will.<\/p>\n","protected":false},"excerpt":{"rendered":"<p>Im Rahmen der Jahreshauptversammlung am 10. Oktober 2025 wurde Andr\u00e9 Stange einstimmig zum neuen Jugendwart des VfB berufen. Der 42-J\u00e4hrige aus Langenbogen bringt viel Leidenschaft und frische Ideen in seine neue Aufgabe ein. Stange war viele Jahre selbst aktiv im Handball, bevor er nach einer l\u00e4ngeren Pause \u00fcber seinen Sohn Matteo den Weg zum VfB [&hellip;]<\/p>\n","protected":false},"author":2,"featured_media":7069,"comment_status":"open","ping_status":"open","sticky":false,"template":"","format":"standard","meta":{"footnotes":""},"categories":[1],"tags":[],"class_list":["post-7074","post","type-post","status-publish","format-standard","has-post-thumbnail","hentry","category-allgemein"],"_links":{"self":[{"href":"https:\/\/www.vfb-bad-lauchstaedt.de\/index.php?rest_route=\/wp\/v2\/posts\/7074","targetHints":{"allow":["GET"]}}],"collection":[{"href":"https:\/\/www.vfb-bad-lauchstaedt.de\/index.php?rest_route=\/wp\/v2\/posts"}],"about":[{"href":"https:\/\/www.vfb-bad-lauchstaedt.de\/index.php?rest_route=\/wp\/v2\/types\/post"}],"author":[{"embeddable":true,"href":"https:\/\/www.vfb-bad-lauchstaedt.de\/index.php?rest_route=\/wp\/v2\/users\/2"}],"replies":[{"embeddable":true,"href":"https:\/\/www.vfb-bad-lauchstaedt.de\/index.php?rest_route=%2Fwp%2Fv2%2Fcomments&post=7074"}],"version-history":[{"count":1,"href":"https:\/\/www.vfb-bad-lauchstaedt.de\/index.php?rest_route=\/wp\/v2\/posts\/7074\/revisions"}],"predecessor-version":[{"id":7075,"href":"https:\/\/www.vfb-bad-lauchstaedt.de\/index.php?rest_route=\/wp\/v2\/posts\/7074\/revisions\/7075"}],"wp:featuredmedia":[{"embeddable":true,"href":"https:\/\/www.vfb-bad-lauchstaedt.de\/index.php?rest_route=\/wp\/v2\/media\/7069"}],"wp:attachment":[{"href":"https:\/\/www.vfb-bad-lauchstaedt.de\/index.php?rest_route=%2Fwp%2Fv2%2Fmedia&parent=7074"}],"wp:term":[{"taxonomy":"category","embeddable":true,"href":"https:\/\/www.vfb-bad-lauchstaedt.de\/index.php?rest_route=%2Fwp%2Fv2%2Fcategories&post=7074"},{"taxonomy":"post_tag","embeddable":true,"href":"https:\/\/www.vfb-bad-lauchstaedt.de\/index.php?rest_route=%2Fwp%2Fv2%2Ftags&post=7074"}],"curies":[{"name":"wp","href":"https:\/\/api.w.org\/{rel}","templated":true}]}}