{"id":7076,"date":"2025-10-15T14:29:59","date_gmt":"2025-10-15T14:29:59","guid":{"rendered":"https:\/\/www.vfb-bad-lauchstaedt.de\/?p=7076"},"modified":"2025-10-15T14:32:19","modified_gmt":"2025-10-15T14:32:19","slug":"jahreshauptversammlung-des-vfb-bad-lauchstaedt-2025-nachwuchs-im-fokus-positive-entwicklung-im-verein-die-juengsten-bleiben-beitragsfrei","status":"publish","type":"post","link":"https:\/\/www.vfb-bad-lauchstaedt.de\/?p=7076","title":{"rendered":"<strong>Jahreshauptversammlung des VfB Bad Lauchst\u00e4dt 2025 \u2013 Nachwuchs im Fokus, positive Entwicklung im Verein, die J\u00fcngsten bleiben beitragsfrei<\/strong>"},"content":{"rendered":"<p><img loading=\"lazy\" decoding=\"async\" class=\"alignright  wp-image-7068\" src=\"https:\/\/www.vfb-bad-lauchstaedt.de\/wp-content\/uploads\/2025\/10\/vorstand.jpg\" alt=\"\" width=\"459\" height=\"263\" srcset=\"https:\/\/www.vfb-bad-lauchstaedt.de\/wp-content\/uploads\/2025\/10\/vorstand.jpg 667w, https:\/\/www.vfb-bad-lauchstaedt.de\/wp-content\/uploads\/2025\/10\/vorstand-300x172.jpg 300w\" sizes=\"auto, (max-width: 459px) 100vw, 459px\" \/>Am Freitag, den 10. Oktober 2025, fand im Vereinsheim des VfB Bad Lauchst\u00e4dt die diesj\u00e4hrige Jahreshauptversammlung statt. Versammlungsleiter R\u00fcdiger Schm\u00e4dicke begr\u00fc\u00dfte die erschienenen Mitglieder sowie als besonderen Gast Herrn Michael R\u00f6der, den stellvertretenden Ortsb\u00fcrgermeister und Vertreter der Goethestadt Bad Lauchst\u00e4dt.<\/p>\n<p><strong>Starkes Jahr mit positiver Entwicklung<\/strong><\/p>\n<p>Im anschlie\u00dfenden Bericht des Vorstandes zog Vereinsvorsitzender Martin Sch\u00f6nburg eine insgesamt positive Bilanz. Der VfB verzeichnete im vergangenen Jahr ein deutliches Mitgliederplus \u2013 ein Zeichen daf\u00fcr, dass sich die vielf\u00e4ltige Vereinsarbeit auszahlt.<br \/>\nBesonders stolz zeigte sich Sch\u00f6nburg \u00fcber die intensive Nachwuchsarbeit, die den Verein auch k\u00fcnftig tragen soll. \u201eDie Jugend ist die Zukunft des VfB\u201c, betonte er und dankte allen Ehrenamtlichen, die sich in den Abteilungen engagieren. Gleichzeitig warb er um weitere Unterst\u00fctzung: \u201eWir brauchen noch mehr helfende H\u00e4nde, um den eingeschlagenen Weg fortzuf\u00fchren.\u201c<\/p>\n<p><strong>Abteilungen berichten von Erfolgen<\/strong><\/p>\n<p>Die Handballabteilung plant, die Zusammenarbeit mit Schulen und Kinderg\u00e4rten weiter auszubauen, um neue Mannschaften zu gewinnen und Kinder fr\u00fchzeitig f\u00fcr den Sport zu begeistern.<br \/>\nAuch die Volleyballabteilung konnte Erfreuliches berichten \u2013 mittlerweile trainieren dort bereits zwei Nachwuchsteams, was die erfolgreiche Jugendarbeit eindrucksvoll unterstreicht.<\/p>\n<p><strong>Finanzen stabil \u2013 Beitr\u00e4ge angepasst<\/strong><\/p>\n<p>Im Anschluss legten Kassenwart Bernd Kelling und die Revisionskommission ihre Berichte vor. Nach der Aussprache wurde der Vorstand von den Mitgliedern einstimmig entlastet.<br \/>\nEin zentraler Punkt des Abends war die Anpassung der Mitgliedsbeitr\u00e4ge. Die Diskussion verlief konstruktiv und mit weniger Wortmeldungen als erwartet. Besonders erfreulich: Der VfB beh\u00e4lt sein Alleinstellungsmerkmal, dass Kinder bis zu sechs Jahren beitragsfrei bleiben. Zudem wird k\u00fcnftig der Lastschrifteinzug eingef\u00fchrt, um die Beitragszahlung zu vereinfachen.<\/p>\n<p><strong>Neuer Jugendwart gew\u00e4hlt<\/strong><\/p>\n<p>Ein wichtiger Tagesordnungspunkt war die Wahl eines neuen Jugendwarts. Vorgeschlagen wurde Andr\u00e9 Stange, der sich bereits engagiert im Verein einbringt und mit klaren Ideen zur Weiterentwicklung der Jugendarbeit \u00fcberzeugte. Er m\u00f6chte insbesondere die Verzahnung zwischen Nachwuchs- und M\u00e4nnermannschaften st\u00e4rken.<br \/>\nDie Mitglieder w\u00e4hlten Stange einstimmig. In seiner kurzen Ansprache bedankte er sich f\u00fcr das Vertrauen und betonte, dass er die erfolgreiche Nachwuchsarbeit fortsetzen und mit frischen Impulsen bereichern wolle.<\/p>\n<p><strong>Zukunft des Vereinsgeb\u00e4udes im Blick<\/strong><\/p>\n<p>Im letzten Tagesordnungspunkt \u201eSonstiges\u201c ging es um die Zukunft des Vereinsgeb\u00e4udes.<br \/>\nHerr R\u00f6der bekr\u00e4ftigte die Pl\u00e4ne von B\u00fcrgermeister Runkel, das Geb\u00e4ude zu erhalten und damit ein St\u00fcck Vereins- und Stadtgeschichte zu bewahren. Konkrete Entscheidungen seien jedoch erst nach weiteren Kreis- und Stadtratsbeschl\u00fcssen zu erwarten.<br \/>\nDar\u00fcber hinaus appellierte der stellvertretende Vorsitzende Klaus-J\u00fcrgen Sch\u00f6nburg an den Ortschaftsrat, sich auch k\u00fcnftig stark f\u00fcr die Tradition und den Erhalt des VfB Bad Lauchst\u00e4dt einzusetzen. Der Verein sei ein wichtiger Bestandteil des gesellschaftlichen Lebens in der Goethestadt.<\/p>\n<p><strong>Gem\u00fctlicher Ausklang<\/strong><\/p>\n<p>Nach dem offiziellen Teil klang die Versammlung in geselliger Atmosph\u00e4re aus. Bei Getr\u00e4nken und angeregten Gespr\u00e4chen wurde noch lange \u00fcber die sportlichen Ziele und die Zukunft des VfB diskutiert.<\/p>\n","protected":false},"excerpt":{"rendered":"<p>Am Freitag, den 10. Oktober 2025, fand im Vereinsheim des VfB Bad Lauchst\u00e4dt die diesj\u00e4hrige Jahreshauptversammlung statt. Versammlungsleiter R\u00fcdiger Schm\u00e4dicke begr\u00fc\u00dfte die erschienenen Mitglieder sowie als besonderen Gast Herrn Michael R\u00f6der, den stellvertretenden Ortsb\u00fcrgermeister und Vertreter der Goethestadt Bad Lauchst\u00e4dt. Starkes Jahr mit positiver Entwicklung Im anschlie\u00dfenden Bericht des Vorstandes zog Vereinsvorsitzender Martin Sch\u00f6nburg eine [&hellip;]<\/p>\n","protected":false},"author":2,"featured_media":7068,"comment_status":"open","ping_status":"open","sticky":false,"template":"","format":"standard","meta":{"footnotes":""},"categories":[1],"tags":[],"class_list":["post-7076","post","type-post","status-publish","format-standard","has-post-thumbnail","hentry","category-allgemein"],"_links":{"self":[{"href":"https:\/\/www.vfb-bad-lauchstaedt.de\/index.php?rest_route=\/wp\/v2\/posts\/7076","targetHints":{"allow":["GET"]}}],"collection":[{"href":"https:\/\/www.vfb-bad-lauchstaedt.de\/index.php?rest_route=\/wp\/v2\/posts"}],"about":[{"href":"https:\/\/www.vfb-bad-lauchstaedt.de\/index.php?rest_route=\/wp\/v2\/types\/post"}],"author":[{"embeddable":true,"href":"https:\/\/www.vfb-bad-lauchstaedt.de\/index.php?rest_route=\/wp\/v2\/users\/2"}],"replies":[{"embeddable":true,"href":"https:\/\/www.vfb-bad-lauchstaedt.de\/index.php?rest_route=%2Fwp%2Fv2%2Fcomments&post=7076"}],"version-history":[{"count":2,"href":"https:\/\/www.vfb-bad-lauchstaedt.de\/index.php?rest_route=\/wp\/v2\/posts\/7076\/revisions"}],"predecessor-version":[{"id":7078,"href":"https:\/\/www.vfb-bad-lauchstaedt.de\/index.php?rest_route=\/wp\/v2\/posts\/7076\/revisions\/7078"}],"wp:featuredmedia":[{"embeddable":true,"href":"https:\/\/www.vfb-bad-lauchstaedt.de\/index.php?rest_route=\/wp\/v2\/media\/7068"}],"wp:attachment":[{"href":"https:\/\/www.vfb-bad-lauchstaedt.de\/index.php?rest_route=%2Fwp%2Fv2%2Fmedia&parent=7076"}],"wp:term":[{"taxonomy":"category","embeddable":true,"href":"https:\/\/www.vfb-bad-lauchstaedt.de\/index.php?rest_route=%2Fwp%2Fv2%2Fcategories&post=7076"},{"taxonomy":"post_tag","embeddable":true,"href":"https:\/\/www.vfb-bad-lauchstaedt.de\/index.php?rest_route=%2Fwp%2Fv2%2Ftags&post=7076"}],"curies":[{"name":"wp","href":"https:\/\/api.w.org\/{rel}","templated":true}]}}